{"id":19927,"date":"2025-07-06T20:40:30","date_gmt":"2025-07-06T18:40:30","guid":{"rendered":"https:\/\/wgphoto.pl\/t\/?p=19927"},"modified":"2025-07-06T20:47:48","modified_gmt":"2025-07-06T18:47:48","slug":"skoda-w-deszczu","status":"publish","type":"post","link":"https:\/\/wgphoto.pl\/t\/?p=19927","title":{"rendered":"\u0160koda w deszczu"},"content":{"rendered":"\n<figure class=\"wp-block-image aligncenter size-full\"><img loading=\"lazy\" decoding=\"async\" width=\"1300\" height=\"886\" src=\"https:\/\/wgphoto.pl\/t\/wp-content\/uploads\/2025\/07\/IMGP3364.jpg\" alt=\"\" class=\"wp-image-19928\" srcset=\"https:\/\/wgphoto.pl\/t\/wp-content\/uploads\/2025\/07\/IMGP3364.jpg 1300w, https:\/\/wgphoto.pl\/t\/wp-content\/uploads\/2025\/07\/IMGP3364-300x204.jpg 300w, https:\/\/wgphoto.pl\/t\/wp-content\/uploads\/2025\/07\/IMGP3364-768x523.jpg 768w\" sizes=\"auto, (max-width: 1300px) 100vw, 1300px\" \/><\/figure>\n\n\n\n<div class=\"wp-block-group has-global-padding is-layout-constrained wp-block-group-is-layout-constrained\">\n<p>\u0160koda Artic (lub te\u017c Transtech Artic) nr 52 wje\u017cd\u017ca w strugach deszczu na mijank\u0119 Torellplatz w R\u00fcdersdorfie pod Berlinem. Wagon zosta\u0142 zbudowany dla przewo\u017anika z Helsinek, a nast\u0119pnie sprzedany do SRS. W Helsinkach mo\u017cna spotka\u0107 nieco nowsze egzemplarze z seryjnej produkcji. 15.09.2021<\/p>\n<\/div>\n","protected":false},"excerpt":{"rendered":"<p>\u0160koda Artic (lub te\u017c Transtech Artic) nr 52 wje\u017cd\u017ca w strugach deszczu na mijank\u0119 Torellplatz w R\u00fcdersdorfie pod Berlinem. Wagon zosta\u0142 zbudowany dla przewo\u017anika z Helsinek, a nast\u0119pnie sprzedany do SRS. W Helsinkach mo\u017cna spotka\u0107 nieco nowsze egzemplarze z seryjnej produkcji. 15.09.2021<\/p>\n","protected":false},"author":1,"featured_media":19928,"comment_status":"open","ping_status":"","sticky":false,"template":"","format":"standard","meta":{"footnotes":""},"categories":[681,3],"tags":[2579,639,13,23,2202,3294,4223,2820,561],"class_list":["post-19927","post","type-post","status-publish","format-standard","has-post-thumbnail","hentry","category-rok-2021","category-tramwaj","tag-2021-09-15","tag-berlin","tag-deszcz","tag-niemcy","tag-niemieckie-wakacje-2021","tag-rudersdorf-bei-berlin","tag-skoda-artic","tag-srs-schoneiche","tag-tramwaj-podmiejski"],"_links":{"self":[{"href":"https:\/\/wgphoto.pl\/t\/index.php?rest_route=\/wp\/v2\/posts\/19927","targetHints":{"allow":["GET"]}}],"collection":[{"href":"https:\/\/wgphoto.pl\/t\/index.php?rest_route=\/wp\/v2\/posts"}],"about":[{"href":"https:\/\/wgphoto.pl\/t\/index.php?rest_route=\/wp\/v2\/types\/post"}],"author":[{"embeddable":true,"href":"https:\/\/wgphoto.pl\/t\/index.php?rest_route=\/wp\/v2\/users\/1"}],"replies":[{"embeddable":true,"href":"https:\/\/wgphoto.pl\/t\/index.php?rest_route=%2Fwp%2Fv2%2Fcomments&post=19927"}],"version-history":[{"count":1,"href":"https:\/\/wgphoto.pl\/t\/index.php?rest_route=\/wp\/v2\/posts\/19927\/revisions"}],"predecessor-version":[{"id":19929,"href":"https:\/\/wgphoto.pl\/t\/index.php?rest_route=\/wp\/v2\/posts\/19927\/revisions\/19929"}],"wp:featuredmedia":[{"embeddable":true,"href":"https:\/\/wgphoto.pl\/t\/index.php?rest_route=\/wp\/v2\/media\/19928"}],"wp:attachment":[{"href":"https:\/\/wgphoto.pl\/t\/index.php?rest_route=%2Fwp%2Fv2%2Fmedia&parent=19927"}],"wp:term":[{"taxonomy":"category","embeddable":true,"href":"https:\/\/wgphoto.pl\/t\/index.php?rest_route=%2Fwp%2Fv2%2Fcategories&post=19927"},{"taxonomy":"post_tag","embeddable":true,"href":"https:\/\/wgphoto.pl\/t\/index.php?rest_route=%2Fwp%2Fv2%2Ftags&post=19927"}],"curies":[{"name":"wp","href":"https:\/\/api.w.org\/{rel}","templated":true}]}}