{"id":19939,"date":"2025-07-07T21:45:44","date_gmt":"2025-07-07T19:45:44","guid":{"rendered":"https:\/\/wgphoto.pl\/t\/?p=19939"},"modified":"2025-07-07T21:45:44","modified_gmt":"2025-07-07T19:45:44","slug":"remonty-beda-trwaly-wiecznie","status":"publish","type":"post","link":"https:\/\/wgphoto.pl\/t\/?p=19939","title":{"rendered":"Remonty b\u0119d\u0105 trwa\u0142y wiecznie"},"content":{"rendered":"\n<figure class=\"wp-block-image aligncenter size-full\"><img loading=\"lazy\" decoding=\"async\" width=\"1300\" height=\"861\" src=\"https:\/\/wgphoto.pl\/t\/wp-content\/uploads\/2025\/07\/2002h-01_rsn.jpg\" alt=\"\" class=\"wp-image-19940\" srcset=\"https:\/\/wgphoto.pl\/t\/wp-content\/uploads\/2025\/07\/2002h-01_rsn.jpg 1300w, https:\/\/wgphoto.pl\/t\/wp-content\/uploads\/2025\/07\/2002h-01_rsn-300x199.jpg 300w, https:\/\/wgphoto.pl\/t\/wp-content\/uploads\/2025\/07\/2002h-01_rsn-768x509.jpg 768w\" sizes=\"auto, (max-width: 1300px) 100vw, 1300px\" \/><\/figure>\n\n\n\n<div class=\"wp-block-group has-global-padding is-layout-constrained wp-block-group-is-layout-constrained\">\n<p>102Na 2042 jako objazdowa sz\u00f3stka skr\u0119ca z ul. Pi\u0142sudskiego w \u015awidnick\u0105 we Wroc\u0142awiu. Przyczyna objazdu jest cz\u0119\u015bciowo widoczna na zdj\u0119ciu. Kolejn\u0105 wymian\u0119 krzy\u017cownic w tym miejscu prowadzono oko\u0142o 10 lat p\u00f3\u017aniej, a jeszcze kolejna zako\u0144czy\u0142a si\u0119 tydzie\u0144 temu (we wrze\u015bniu 2023). 07.04.2002<\/p>\n<\/div>\n","protected":false},"excerpt":{"rendered":"<p>102Na 2042 jako objazdowa sz\u00f3stka skr\u0119ca z ul. Pi\u0142sudskiego w \u015awidnick\u0105 we Wroc\u0142awiu. Przyczyna objazdu jest cz\u0119\u015bciowo widoczna na zdj\u0119ciu. Kolejn\u0105 wymian\u0119 krzy\u017cownic w tym miejscu prowadzono oko\u0142o 10 lat p\u00f3\u017aniej, a jeszcze kolejna zako\u0144czy\u0142a si\u0119 tydzie\u0144 temu (we wrze\u015bniu 2023). 07.04.2002<\/p>\n","protected":false},"author":1,"featured_media":19940,"comment_status":"open","ping_status":"","sticky":false,"template":"","format":"standard","meta":{"footnotes":""},"categories":[62,577,3],"tags":[4228,745,309,42,27,41],"class_list":["post-19939","post","type-post","status-publish","format-standard","has-post-thumbnail","hentry","category-analog","category-rok-2002","category-tramwaj","tag-2002-04-07","tag-budowa","tag-konstal-102na","tag-mpk-wroclaw","tag-polska","tag-wroclaw"],"_links":{"self":[{"href":"https:\/\/wgphoto.pl\/t\/index.php?rest_route=\/wp\/v2\/posts\/19939","targetHints":{"allow":["GET"]}}],"collection":[{"href":"https:\/\/wgphoto.pl\/t\/index.php?rest_route=\/wp\/v2\/posts"}],"about":[{"href":"https:\/\/wgphoto.pl\/t\/index.php?rest_route=\/wp\/v2\/types\/post"}],"author":[{"embeddable":true,"href":"https:\/\/wgphoto.pl\/t\/index.php?rest_route=\/wp\/v2\/users\/1"}],"replies":[{"embeddable":true,"href":"https:\/\/wgphoto.pl\/t\/index.php?rest_route=%2Fwp%2Fv2%2Fcomments&post=19939"}],"version-history":[{"count":1,"href":"https:\/\/wgphoto.pl\/t\/index.php?rest_route=\/wp\/v2\/posts\/19939\/revisions"}],"predecessor-version":[{"id":19941,"href":"https:\/\/wgphoto.pl\/t\/index.php?rest_route=\/wp\/v2\/posts\/19939\/revisions\/19941"}],"wp:featuredmedia":[{"embeddable":true,"href":"https:\/\/wgphoto.pl\/t\/index.php?rest_route=\/wp\/v2\/media\/19940"}],"wp:attachment":[{"href":"https:\/\/wgphoto.pl\/t\/index.php?rest_route=%2Fwp%2Fv2%2Fmedia&parent=19939"}],"wp:term":[{"taxonomy":"category","embeddable":true,"href":"https:\/\/wgphoto.pl\/t\/index.php?rest_route=%2Fwp%2Fv2%2Fcategories&post=19939"},{"taxonomy":"post_tag","embeddable":true,"href":"https:\/\/wgphoto.pl\/t\/index.php?rest_route=%2Fwp%2Fv2%2Ftags&post=19939"}],"curies":[{"name":"wp","href":"https:\/\/api.w.org\/{rel}","templated":true}]}}