{"id":19948,"date":"2025-07-07T21:48:13","date_gmt":"2025-07-07T19:48:13","guid":{"rendered":"https:\/\/wgphoto.pl\/t\/?p=19948"},"modified":"2025-07-07T21:48:13","modified_gmt":"2025-07-07T19:48:13","slug":"czerwone-korale-jarzebiny","status":"publish","type":"post","link":"https:\/\/wgphoto.pl\/t\/?p=19948","title":{"rendered":"Czerwone korale jarz\u0119biny"},"content":{"rendered":"\n<figure class=\"wp-block-image aligncenter size-full\"><img loading=\"lazy\" decoding=\"async\" width=\"1299\" height=\"812\" src=\"https:\/\/wgphoto.pl\/t\/wp-content\/uploads\/2025\/07\/IMGP9582-1.jpg\" alt=\"\" class=\"wp-image-19949\" srcset=\"https:\/\/wgphoto.pl\/t\/wp-content\/uploads\/2025\/07\/IMGP9582-1.jpg 1299w, https:\/\/wgphoto.pl\/t\/wp-content\/uploads\/2025\/07\/IMGP9582-1-300x188.jpg 300w, https:\/\/wgphoto.pl\/t\/wp-content\/uploads\/2025\/07\/IMGP9582-1-768x480.jpg 768w\" sizes=\"auto, (max-width: 1299px) 100vw, 1299px\" \/><\/figure>\n\n\n\n<div class=\"wp-block-group has-global-padding is-layout-constrained wp-block-group-is-layout-constrained\">\n<p>Gera, N\u00fcrnberger Stra\u00dfe. Sk\u0142ad KT4DMC 307+? na blokowisku Lusan le\u017c\u0105cym w po\u0142udniowej cz\u0119\u015bci miasta. 10.09.2009<\/p>\n<\/div>\n","protected":false},"excerpt":{"rendered":"<p>Gera, N\u00fcrnberger Stra\u00dfe. Sk\u0142ad KT4DMC 307+? na blokowisku Lusan le\u017c\u0105cym w po\u0142udniowej cz\u0119\u015bci miasta. 10.09.2009<\/p>\n","protected":false},"author":1,"featured_media":19949,"comment_status":"open","ping_status":"","sticky":false,"template":"","format":"standard","meta":{"footnotes":""},"categories":[169,3],"tags":[490,1009,2076,23,143,33],"class_list":["post-19948","post","type-post","status-publish","format-standard","has-post-thumbnail","hentry","category-rok-2009","category-tramwaj","tag-2009-09-10","tag-gera","tag-gvb-gera","tag-niemcy","tag-ponad-30m","tag-tatra-kt4"],"_links":{"self":[{"href":"https:\/\/wgphoto.pl\/t\/index.php?rest_route=\/wp\/v2\/posts\/19948","targetHints":{"allow":["GET"]}}],"collection":[{"href":"https:\/\/wgphoto.pl\/t\/index.php?rest_route=\/wp\/v2\/posts"}],"about":[{"href":"https:\/\/wgphoto.pl\/t\/index.php?rest_route=\/wp\/v2\/types\/post"}],"author":[{"embeddable":true,"href":"https:\/\/wgphoto.pl\/t\/index.php?rest_route=\/wp\/v2\/users\/1"}],"replies":[{"embeddable":true,"href":"https:\/\/wgphoto.pl\/t\/index.php?rest_route=%2Fwp%2Fv2%2Fcomments&post=19948"}],"version-history":[{"count":1,"href":"https:\/\/wgphoto.pl\/t\/index.php?rest_route=\/wp\/v2\/posts\/19948\/revisions"}],"predecessor-version":[{"id":19950,"href":"https:\/\/wgphoto.pl\/t\/index.php?rest_route=\/wp\/v2\/posts\/19948\/revisions\/19950"}],"wp:featuredmedia":[{"embeddable":true,"href":"https:\/\/wgphoto.pl\/t\/index.php?rest_route=\/wp\/v2\/media\/19949"}],"wp:attachment":[{"href":"https:\/\/wgphoto.pl\/t\/index.php?rest_route=%2Fwp%2Fv2%2Fmedia&parent=19948"}],"wp:term":[{"taxonomy":"category","embeddable":true,"href":"https:\/\/wgphoto.pl\/t\/index.php?rest_route=%2Fwp%2Fv2%2Fcategories&post=19948"},{"taxonomy":"post_tag","embeddable":true,"href":"https:\/\/wgphoto.pl\/t\/index.php?rest_route=%2Fwp%2Fv2%2Ftags&post=19948"}],"curies":[{"name":"wp","href":"https:\/\/api.w.org\/{rel}","templated":true}]}}