{"id":19957,"date":"2025-07-07T21:50:41","date_gmt":"2025-07-07T19:50:41","guid":{"rendered":"https:\/\/wgphoto.pl\/t\/?p=19957"},"modified":"2025-07-07T21:50:41","modified_gmt":"2025-07-07T19:50:41","slug":"sp32-149","status":"publish","type":"post","link":"https:\/\/wgphoto.pl\/t\/?p=19957","title":{"rendered":"SP32-149"},"content":{"rendered":"\n<figure class=\"wp-block-image aligncenter size-full\"><img loading=\"lazy\" decoding=\"async\" width=\"1300\" height=\"867\" src=\"https:\/\/wgphoto.pl\/t\/wp-content\/uploads\/2025\/07\/0305-24.jpg\" alt=\"\" class=\"wp-image-19958\" srcset=\"https:\/\/wgphoto.pl\/t\/wp-content\/uploads\/2025\/07\/0305-24.jpg 1300w, https:\/\/wgphoto.pl\/t\/wp-content\/uploads\/2025\/07\/0305-24-300x200.jpg 300w, https:\/\/wgphoto.pl\/t\/wp-content\/uploads\/2025\/07\/0305-24-768x512.jpg 768w\" sizes=\"auto, (max-width: 1300px) 100vw, 1300px\" \/><\/figure>\n\n\n\n<div class=\"wp-block-group has-global-padding is-layout-constrained wp-block-group-is-layout-constrained\">\n<p>SP32-149 z poci\u0105giem osobowym 8032 relacji Wa\u0142brzych G\u0142. &#8211; K\u0142odzko G\u0142. podczas postoju w \u015acinawce \u015aredniej. 01.03.2003<\/p>\n<\/div>\n","protected":false},"excerpt":{"rendered":"<p>SP32-149 z poci\u0105giem osobowym 8032 relacji Wa\u0142brzych G\u0142. &#8211; K\u0142odzko G\u0142. podczas postoju w \u015acinawce \u015aredniej. 01.03.2003<\/p>\n","protected":false},"author":1,"featured_media":19958,"comment_status":"open","ping_status":"","sticky":false,"template":"","format":"standard","meta":{"footnotes":""},"categories":[62,2,149],"tags":[1664,63,27,1066,44,385,391],"class_list":["post-19957","post","type-post","status-publish","format-standard","has-post-thumbnail","hentry","category-analog","category-kolej","category-rok-2003","tag-2003-03-01","tag-pkp","tag-polska","tag-scinawka-srednia","tag-snieg","tag-sp32","tag-tab-pl245"],"_links":{"self":[{"href":"https:\/\/wgphoto.pl\/t\/index.php?rest_route=\/wp\/v2\/posts\/19957","targetHints":{"allow":["GET"]}}],"collection":[{"href":"https:\/\/wgphoto.pl\/t\/index.php?rest_route=\/wp\/v2\/posts"}],"about":[{"href":"https:\/\/wgphoto.pl\/t\/index.php?rest_route=\/wp\/v2\/types\/post"}],"author":[{"embeddable":true,"href":"https:\/\/wgphoto.pl\/t\/index.php?rest_route=\/wp\/v2\/users\/1"}],"replies":[{"embeddable":true,"href":"https:\/\/wgphoto.pl\/t\/index.php?rest_route=%2Fwp%2Fv2%2Fcomments&post=19957"}],"version-history":[{"count":1,"href":"https:\/\/wgphoto.pl\/t\/index.php?rest_route=\/wp\/v2\/posts\/19957\/revisions"}],"predecessor-version":[{"id":19959,"href":"https:\/\/wgphoto.pl\/t\/index.php?rest_route=\/wp\/v2\/posts\/19957\/revisions\/19959"}],"wp:featuredmedia":[{"embeddable":true,"href":"https:\/\/wgphoto.pl\/t\/index.php?rest_route=\/wp\/v2\/media\/19958"}],"wp:attachment":[{"href":"https:\/\/wgphoto.pl\/t\/index.php?rest_route=%2Fwp%2Fv2%2Fmedia&parent=19957"}],"wp:term":[{"taxonomy":"category","embeddable":true,"href":"https:\/\/wgphoto.pl\/t\/index.php?rest_route=%2Fwp%2Fv2%2Fcategories&post=19957"},{"taxonomy":"post_tag","embeddable":true,"href":"https:\/\/wgphoto.pl\/t\/index.php?rest_route=%2Fwp%2Fv2%2Ftags&post=19957"}],"curies":[{"name":"wp","href":"https:\/\/api.w.org\/{rel}","templated":true}]}}