{"id":19960,"date":"2025-07-07T21:51:36","date_gmt":"2025-07-07T19:51:36","guid":{"rendered":"https:\/\/wgphoto.pl\/t\/?p=19960"},"modified":"2025-07-07T21:51:36","modified_gmt":"2025-07-07T19:51:36","slug":"pierwsze","status":"publish","type":"post","link":"https:\/\/wgphoto.pl\/t\/?p=19960","title":{"rendered":"Pierwsze"},"content":{"rendered":"\n<figure class=\"wp-block-image aligncenter size-full\"><img loading=\"lazy\" decoding=\"async\" width=\"1300\" height=\"861\" src=\"https:\/\/wgphoto.pl\/t\/wp-content\/uploads\/2025\/07\/2000j-01_rsn.jpg\" alt=\"\" class=\"wp-image-19961\" srcset=\"https:\/\/wgphoto.pl\/t\/wp-content\/uploads\/2025\/07\/2000j-01_rsn.jpg 1300w, https:\/\/wgphoto.pl\/t\/wp-content\/uploads\/2025\/07\/2000j-01_rsn-300x199.jpg 300w, https:\/\/wgphoto.pl\/t\/wp-content\/uploads\/2025\/07\/2000j-01_rsn-768x509.jpg 768w\" sizes=\"auto, (max-width: 1300px) 100vw, 1300px\" \/><\/figure>\n\n\n\n<div class=\"wp-block-group has-global-padding is-layout-constrained wp-block-group-is-layout-constrained\">\n<p>Wroc\u0142aw, p\u0119tla Opor\u00f3w, 102Na 2003 i 2026. To moje pierwsze foto wykonane lustrzank\u0105, konkretniej Zenitem. Od tamtej pory mia\u0142em w aparacie film non stop, mo\u017cna zatem to foto uzna\u0107 za wielki pocz\u0105tek fotograficznej przygody. \ud83d\ude09 14.09.2000<\/p>\n<\/div>\n","protected":false},"excerpt":{"rendered":"<p>Wroc\u0142aw, p\u0119tla Opor\u00f3w, 102Na 2003 i 2026. To moje pierwsze foto wykonane lustrzank\u0105, konkretniej Zenitem. Od tamtej pory mia\u0142em w aparacie film non stop, mo\u017cna zatem to foto uzna\u0107 za wielki pocz\u0105tek fotograficznej przygody. \ud83d\ude09 14.09.2000<\/p>\n","protected":false},"author":1,"featured_media":19961,"comment_status":"open","ping_status":"","sticky":false,"template":"","format":"standard","meta":{"footnotes":""},"categories":[62,1099,3],"tags":[4229,309,42,27,41],"class_list":["post-19960","post","type-post","status-publish","format-standard","has-post-thumbnail","hentry","category-analog","category-rok-2000","category-tramwaj","tag-2000-09-14","tag-konstal-102na","tag-mpk-wroclaw","tag-polska","tag-wroclaw"],"_links":{"self":[{"href":"https:\/\/wgphoto.pl\/t\/index.php?rest_route=\/wp\/v2\/posts\/19960","targetHints":{"allow":["GET"]}}],"collection":[{"href":"https:\/\/wgphoto.pl\/t\/index.php?rest_route=\/wp\/v2\/posts"}],"about":[{"href":"https:\/\/wgphoto.pl\/t\/index.php?rest_route=\/wp\/v2\/types\/post"}],"author":[{"embeddable":true,"href":"https:\/\/wgphoto.pl\/t\/index.php?rest_route=\/wp\/v2\/users\/1"}],"replies":[{"embeddable":true,"href":"https:\/\/wgphoto.pl\/t\/index.php?rest_route=%2Fwp%2Fv2%2Fcomments&post=19960"}],"version-history":[{"count":1,"href":"https:\/\/wgphoto.pl\/t\/index.php?rest_route=\/wp\/v2\/posts\/19960\/revisions"}],"predecessor-version":[{"id":19962,"href":"https:\/\/wgphoto.pl\/t\/index.php?rest_route=\/wp\/v2\/posts\/19960\/revisions\/19962"}],"wp:featuredmedia":[{"embeddable":true,"href":"https:\/\/wgphoto.pl\/t\/index.php?rest_route=\/wp\/v2\/media\/19961"}],"wp:attachment":[{"href":"https:\/\/wgphoto.pl\/t\/index.php?rest_route=%2Fwp%2Fv2%2Fmedia&parent=19960"}],"wp:term":[{"taxonomy":"category","embeddable":true,"href":"https:\/\/wgphoto.pl\/t\/index.php?rest_route=%2Fwp%2Fv2%2Fcategories&post=19960"},{"taxonomy":"post_tag","embeddable":true,"href":"https:\/\/wgphoto.pl\/t\/index.php?rest_route=%2Fwp%2Fv2%2Ftags&post=19960"}],"curies":[{"name":"wp","href":"https:\/\/api.w.org\/{rel}","templated":true}]}}