{"id":19971,"date":"2025-07-07T21:55:03","date_gmt":"2025-07-07T19:55:03","guid":{"rendered":"https:\/\/wgphoto.pl\/t\/?p=19971"},"modified":"2025-07-07T21:55:03","modified_gmt":"2025-07-07T19:55:03","slug":"rhein-saar-mosel-containerexpress","status":"publish","type":"post","link":"https:\/\/wgphoto.pl\/t\/?p=19971","title":{"rendered":"Rhein-Saar-Mosel Containerexpress"},"content":{"rendered":"\n<figure class=\"wp-block-image aligncenter size-full\"><img loading=\"lazy\" decoding=\"async\" width=\"1300\" height=\"861\" src=\"https:\/\/wgphoto.pl\/t\/wp-content\/uploads\/2025\/07\/IMGP9452-1.jpg\" alt=\"\" class=\"wp-image-19972\" srcset=\"https:\/\/wgphoto.pl\/t\/wp-content\/uploads\/2025\/07\/IMGP9452-1.jpg 1300w, https:\/\/wgphoto.pl\/t\/wp-content\/uploads\/2025\/07\/IMGP9452-1-300x199.jpg 300w, https:\/\/wgphoto.pl\/t\/wp-content\/uploads\/2025\/07\/IMGP9452-1-768x509.jpg 768w\" sizes=\"auto, (max-width: 1300px) 100vw, 1300px\" \/><\/figure>\n\n\n\n<div class=\"wp-block-group has-global-padding is-layout-constrained wp-block-group-is-layout-constrained\">\n<p>Poci\u0105g kontenerowy prowadzony maszyn\u0105 187.327-2, kt\u00f3ra posiada oklein\u0119 jak w tytule, &#8222;\u015bciga si\u0119&#8221; ze statkiem wycieczkowym mijaj\u0105c miasteczko Oberwesel, le\u017c\u0105ce nad Renem. 24.08.2022<\/p>\n<\/div>\n","protected":false},"excerpt":{"rendered":"<p>Poci\u0105g kontenerowy prowadzony maszyn\u0105 187.327-2, kt\u00f3ra posiada oklein\u0119 jak w tytule, &#8222;\u015bciga si\u0119&#8221; ze statkiem wycieczkowym mijaj\u0105c miasteczko Oberwesel, le\u017c\u0105ce nad Renem. 24.08.2022<\/p>\n","protected":false},"author":1,"featured_media":19972,"comment_status":"open","ping_status":"","sticky":false,"template":"","format":"standard","meta":{"footnotes":""},"categories":[2,669],"tags":[4231,3886,1282,4232,113,568,23,569,73,2286],"class_list":["post-19971","post","type-post","status-publish","format-standard","has-post-thumbnail","hentry","category-kolej","category-rok-2022","tag-4231","tag-2022-08-24","tag-9-euro-ticket-2022","tag-hgb","tag-landszaft","tag-linke-rheinstrecke","tag-niemcy","tag-oberwesel","tag-rzeka","tag-traxx"],"_links":{"self":[{"href":"https:\/\/wgphoto.pl\/t\/index.php?rest_route=\/wp\/v2\/posts\/19971","targetHints":{"allow":["GET"]}}],"collection":[{"href":"https:\/\/wgphoto.pl\/t\/index.php?rest_route=\/wp\/v2\/posts"}],"about":[{"href":"https:\/\/wgphoto.pl\/t\/index.php?rest_route=\/wp\/v2\/types\/post"}],"author":[{"embeddable":true,"href":"https:\/\/wgphoto.pl\/t\/index.php?rest_route=\/wp\/v2\/users\/1"}],"replies":[{"embeddable":true,"href":"https:\/\/wgphoto.pl\/t\/index.php?rest_route=%2Fwp%2Fv2%2Fcomments&post=19971"}],"version-history":[{"count":1,"href":"https:\/\/wgphoto.pl\/t\/index.php?rest_route=\/wp\/v2\/posts\/19971\/revisions"}],"predecessor-version":[{"id":19973,"href":"https:\/\/wgphoto.pl\/t\/index.php?rest_route=\/wp\/v2\/posts\/19971\/revisions\/19973"}],"wp:featuredmedia":[{"embeddable":true,"href":"https:\/\/wgphoto.pl\/t\/index.php?rest_route=\/wp\/v2\/media\/19972"}],"wp:attachment":[{"href":"https:\/\/wgphoto.pl\/t\/index.php?rest_route=%2Fwp%2Fv2%2Fmedia&parent=19971"}],"wp:term":[{"taxonomy":"category","embeddable":true,"href":"https:\/\/wgphoto.pl\/t\/index.php?rest_route=%2Fwp%2Fv2%2Fcategories&post=19971"},{"taxonomy":"post_tag","embeddable":true,"href":"https:\/\/wgphoto.pl\/t\/index.php?rest_route=%2Fwp%2Fv2%2Ftags&post=19971"}],"curies":[{"name":"wp","href":"https:\/\/api.w.org\/{rel}","templated":true}]}}