{"id":19977,"date":"2025-07-07T21:57:06","date_gmt":"2025-07-07T19:57:06","guid":{"rendered":"https:\/\/wgphoto.pl\/t\/?p=19977"},"modified":"2025-07-07T22:00:58","modified_gmt":"2025-07-07T20:00:58","slug":"zolty-tramwaj-pod-czerwona-cegla","status":"publish","type":"post","link":"https:\/\/wgphoto.pl\/t\/?p=19977","title":{"rendered":"\u017b\u00f3\u0142ty tramwaj pod czerwon\u0105 ceg\u0142\u0105"},"content":{"rendered":"\n<figure class=\"wp-block-image aligncenter size-full\"><img loading=\"lazy\" decoding=\"async\" width=\"750\" height=\"1000\" src=\"https:\/\/wgphoto.pl\/t\/wp-content\/uploads\/2025\/07\/IMGP4730.jpg\" alt=\"\" class=\"wp-image-19978\" srcset=\"https:\/\/wgphoto.pl\/t\/wp-content\/uploads\/2025\/07\/IMGP4730.jpg 750w, https:\/\/wgphoto.pl\/t\/wp-content\/uploads\/2025\/07\/IMGP4730-225x300.jpg 225w\" sizes=\"auto, (max-width: 750px) 100vw, 750px\" \/><\/figure>\n\n\n\n<div class=\"wp-block-group has-global-padding is-layout-constrained wp-block-group-is-layout-constrained\">\n<p>Essen, Helenenstra\u00dfe, Bombardier M8D-NF2 nr 1615 z wie\u017cami ko\u015bcio\u0142a pw. Wniebowzi\u0119cia NMP. Dodam jeszcze kilka losowych zdj\u0119\u0107 dla wype\u0142nienia wyjazdowego tagu. 20.09.2023<\/p>\n<\/div>\n","protected":false},"excerpt":{"rendered":"<p>Essen, Helenenstra\u00dfe, Bombardier M8D-NF2 nr 1615 z wie\u017cami ko\u015bcio\u0142a pw. Wniebowzi\u0119cia NMP. Dodam jeszcze kilka losowych zdj\u0119\u0107 dla wype\u0142nienia wyjazdowego tagu. 20.09.2023<\/p>\n","protected":false},"author":1,"featured_media":19978,"comment_status":"open","ping_status":"","sticky":false,"template":"","format":"standard","meta":{"footnotes":""},"categories":[128,6,3],"tags":[2100,34,1126,559,2102,23,2101,2103],"class_list":["post-19977","post","type-post","status-publish","format-standard","has-post-thumbnail","hentry","category-pionowe","category-2023r","category-tramwaj","tag-2023-09-20","tag-architektura","tag-bombardier-flexity-classic","tag-d-ticket-2023","tag-essen","tag-niemcy","tag-ruhrbahn-essen","tag-zaglebie-ruhry"],"_links":{"self":[{"href":"https:\/\/wgphoto.pl\/t\/index.php?rest_route=\/wp\/v2\/posts\/19977","targetHints":{"allow":["GET"]}}],"collection":[{"href":"https:\/\/wgphoto.pl\/t\/index.php?rest_route=\/wp\/v2\/posts"}],"about":[{"href":"https:\/\/wgphoto.pl\/t\/index.php?rest_route=\/wp\/v2\/types\/post"}],"author":[{"embeddable":true,"href":"https:\/\/wgphoto.pl\/t\/index.php?rest_route=\/wp\/v2\/users\/1"}],"replies":[{"embeddable":true,"href":"https:\/\/wgphoto.pl\/t\/index.php?rest_route=%2Fwp%2Fv2%2Fcomments&post=19977"}],"version-history":[{"count":1,"href":"https:\/\/wgphoto.pl\/t\/index.php?rest_route=\/wp\/v2\/posts\/19977\/revisions"}],"predecessor-version":[{"id":19979,"href":"https:\/\/wgphoto.pl\/t\/index.php?rest_route=\/wp\/v2\/posts\/19977\/revisions\/19979"}],"wp:featuredmedia":[{"embeddable":true,"href":"https:\/\/wgphoto.pl\/t\/index.php?rest_route=\/wp\/v2\/media\/19978"}],"wp:attachment":[{"href":"https:\/\/wgphoto.pl\/t\/index.php?rest_route=%2Fwp%2Fv2%2Fmedia&parent=19977"}],"wp:term":[{"taxonomy":"category","embeddable":true,"href":"https:\/\/wgphoto.pl\/t\/index.php?rest_route=%2Fwp%2Fv2%2Fcategories&post=19977"},{"taxonomy":"post_tag","embeddable":true,"href":"https:\/\/wgphoto.pl\/t\/index.php?rest_route=%2Fwp%2Fv2%2Ftags&post=19977"}],"curies":[{"name":"wp","href":"https:\/\/api.w.org\/{rel}","templated":true}]}}