{"id":19986,"date":"2025-07-08T16:35:07","date_gmt":"2025-07-08T14:35:07","guid":{"rendered":"https:\/\/wgphoto.pl\/t\/?p=19986"},"modified":"2025-07-08T16:35:07","modified_gmt":"2025-07-08T14:35:07","slug":"znad-tunelu","status":"publish","type":"post","link":"https:\/\/wgphoto.pl\/t\/?p=19986","title":{"rendered":"Znad tunelu"},"content":{"rendered":"\n<figure class=\"wp-block-image aligncenter size-full\"><img loading=\"lazy\" decoding=\"async\" width=\"750\" height=\"1000\" src=\"https:\/\/wgphoto.pl\/t\/wp-content\/uploads\/2025\/07\/0529-07_rsn.jpg\" alt=\"\" class=\"wp-image-19987\" srcset=\"https:\/\/wgphoto.pl\/t\/wp-content\/uploads\/2025\/07\/0529-07_rsn.jpg 750w, https:\/\/wgphoto.pl\/t\/wp-content\/uploads\/2025\/07\/0529-07_rsn-225x300.jpg 225w\" sizes=\"auto, (max-width: 750px) 100vw, 750px\" \/><\/figure>\n\n\n\n<div class=\"wp-block-group has-global-padding is-layout-constrained wp-block-group-is-layout-constrained\">\n<p>SP32-209 z poci\u0105giem osobowym 8032 z Wa\u0142brzycha G\u0142. do K\u0142odzka G\u0142. chwil\u0119 po starcie ze stacji pocz\u0105tkowej. Widoczna tarcza ostrzegawcza odnosi si\u0119 do semafora wjazdowego do Wa\u0142brzycha G\u0142\u00f3wnego. Samo za\u015b foto musia\u0142em nieco zgwa\u0142ci\u0107 obr\u00f3bk\u0105 z powodu bardzo jasnej g\u00f3ry i bardzo ciemnego do\u0142u, ale nawet co\u015b z tego wysz\u0142o. 08.10.2005<\/p>\n<\/div>\n","protected":false},"excerpt":{"rendered":"<p>SP32-209 z poci\u0105giem osobowym 8032 z Wa\u0142brzycha G\u0142. do K\u0142odzka G\u0142. chwil\u0119 po starcie ze stacji pocz\u0105tkowej. Widoczna tarcza ostrzegawcza odnosi si\u0119 do semafora wjazdowego do Wa\u0142brzycha G\u0142\u00f3wnego. Samo za\u015b foto musia\u0142em nieco zgwa\u0142ci\u0107 obr\u00f3bk\u0105 z powodu bardzo jasnej g\u00f3ry i bardzo ciemnego do\u0142u, ale nawet co\u015b z tego wysz\u0142o. 08.10.2005<\/p>\n","protected":false},"author":1,"featured_media":19987,"comment_status":"open","ping_status":"","sticky":false,"template":"","format":"standard","meta":{"footnotes":""},"categories":[62,2,128,311],"tags":[2337,2751,126,63,27,385,391,1101],"class_list":["post-19986","post","type-post","status-publish","format-standard","has-post-thumbnail","hentry","category-analog","category-kolej","category-pionowe","category-rok-2005","tag-2005-10-08","tag-jedlina-gorna","tag-jesien","tag-pkp","tag-polska","tag-sp32","tag-tab-pl245","tag-walbrzych-glowny"],"_links":{"self":[{"href":"https:\/\/wgphoto.pl\/t\/index.php?rest_route=\/wp\/v2\/posts\/19986","targetHints":{"allow":["GET"]}}],"collection":[{"href":"https:\/\/wgphoto.pl\/t\/index.php?rest_route=\/wp\/v2\/posts"}],"about":[{"href":"https:\/\/wgphoto.pl\/t\/index.php?rest_route=\/wp\/v2\/types\/post"}],"author":[{"embeddable":true,"href":"https:\/\/wgphoto.pl\/t\/index.php?rest_route=\/wp\/v2\/users\/1"}],"replies":[{"embeddable":true,"href":"https:\/\/wgphoto.pl\/t\/index.php?rest_route=%2Fwp%2Fv2%2Fcomments&post=19986"}],"version-history":[{"count":1,"href":"https:\/\/wgphoto.pl\/t\/index.php?rest_route=\/wp\/v2\/posts\/19986\/revisions"}],"predecessor-version":[{"id":19988,"href":"https:\/\/wgphoto.pl\/t\/index.php?rest_route=\/wp\/v2\/posts\/19986\/revisions\/19988"}],"wp:featuredmedia":[{"embeddable":true,"href":"https:\/\/wgphoto.pl\/t\/index.php?rest_route=\/wp\/v2\/media\/19987"}],"wp:attachment":[{"href":"https:\/\/wgphoto.pl\/t\/index.php?rest_route=%2Fwp%2Fv2%2Fmedia&parent=19986"}],"wp:term":[{"taxonomy":"category","embeddable":true,"href":"https:\/\/wgphoto.pl\/t\/index.php?rest_route=%2Fwp%2Fv2%2Fcategories&post=19986"},{"taxonomy":"post_tag","embeddable":true,"href":"https:\/\/wgphoto.pl\/t\/index.php?rest_route=%2Fwp%2Fv2%2Ftags&post=19986"}],"curies":[{"name":"wp","href":"https:\/\/api.w.org\/{rel}","templated":true}]}}