{"id":19989,"date":"2025-07-08T16:36:07","date_gmt":"2025-07-08T14:36:07","guid":{"rendered":"https:\/\/wgphoto.pl\/t\/?p=19989"},"modified":"2025-07-08T16:36:07","modified_gmt":"2025-07-08T14:36:07","slug":"tramwaj-z-parowozem-na-wspolnych-torach","status":"publish","type":"post","link":"https:\/\/wgphoto.pl\/t\/?p=19989","title":{"rendered":"Tramwaj z parowozem na wsp\u00f3lnych torach"},"content":{"rendered":"\n<figure class=\"wp-block-image aligncenter size-full\"><img loading=\"lazy\" decoding=\"async\" width=\"1300\" height=\"861\" src=\"https:\/\/wgphoto.pl\/t\/wp-content\/uploads\/2025\/07\/IMGP3741.jpg\" alt=\"\" class=\"wp-image-19990\" srcset=\"https:\/\/wgphoto.pl\/t\/wp-content\/uploads\/2025\/07\/IMGP3741.jpg 1300w, https:\/\/wgphoto.pl\/t\/wp-content\/uploads\/2025\/07\/IMGP3741-300x199.jpg 300w, https:\/\/wgphoto.pl\/t\/wp-content\/uploads\/2025\/07\/IMGP3741-768x509.jpg 768w\" sizes=\"auto, (max-width: 1300px) 100vw, 1300px\" \/><\/figure>\n\n\n\n<div class=\"wp-block-group has-global-padding is-layout-constrained wp-block-group-is-layout-constrained\">\n<p>Na stacji Ilfeld na sieci Harzer Schmalspurbahnen mija si\u0119 parow\u00f3z 99.7237 z codziennym poci\u0105giem z Nordhausen na szczyt Brocken z\u2026 dwusystemowym tramwajem Combino Duo nr 201, realizuj\u0105cym kurs linii 10 do Nordhausen. Tramwaj uzupe\u0142nia na tym odcinku skromn\u0105 ofert\u0119 kolejow\u0105 i kursuje na og\u00f3\u0142 co godzin\u0119, na sieci miejskiej wpadaj\u0105c w co czwarty kurs linii 1. 15.09.2023<\/p>\n<\/div>\n","protected":false},"excerpt":{"rendered":"<p>Na stacji Ilfeld na sieci Harzer Schmalspurbahnen mija si\u0119 parow\u00f3z 99.7237 z codziennym poci\u0105giem z Nordhausen na szczyt Brocken z\u2026 dwusystemowym tramwajem Combino Duo nr 201, realizuj\u0105cym kurs linii 10 do Nordhausen. Tramwaj uzupe\u0142nia na tym odcinku skromn\u0105 ofert\u0119 kolejow\u0105 i kursuje na og\u00f3\u0142 co godzin\u0119, na sieci miejskiej wpadaj\u0105c w co czwarty kurs linii [&hellip;]<\/p>\n","protected":false},"author":1,"featured_media":19990,"comment_status":"open","ping_status":"","sticky":false,"template":"","format":"standard","meta":{"footnotes":""},"categories":[2,6,3],"tags":[2110,559,4237,2112,389,1186,23,358,381,1153,2111],"class_list":["post-19989","post","type-post","status-publish","format-standard","has-post-thumbnail","hentry","category-kolej","category-2023r","category-tramwaj","tag-2023-09-15","tag-d-ticket-2023","tag-hsb","tag-ilfeld","tag-mijanka","tag-na-wsiadanego","tag-niemcy","tag-parowoz","tag-siemens-combino","tag-tramwaj-regionalny","tag-vb-nordhausen"],"_links":{"self":[{"href":"https:\/\/wgphoto.pl\/t\/index.php?rest_route=\/wp\/v2\/posts\/19989","targetHints":{"allow":["GET"]}}],"collection":[{"href":"https:\/\/wgphoto.pl\/t\/index.php?rest_route=\/wp\/v2\/posts"}],"about":[{"href":"https:\/\/wgphoto.pl\/t\/index.php?rest_route=\/wp\/v2\/types\/post"}],"author":[{"embeddable":true,"href":"https:\/\/wgphoto.pl\/t\/index.php?rest_route=\/wp\/v2\/users\/1"}],"replies":[{"embeddable":true,"href":"https:\/\/wgphoto.pl\/t\/index.php?rest_route=%2Fwp%2Fv2%2Fcomments&post=19989"}],"version-history":[{"count":1,"href":"https:\/\/wgphoto.pl\/t\/index.php?rest_route=\/wp\/v2\/posts\/19989\/revisions"}],"predecessor-version":[{"id":19991,"href":"https:\/\/wgphoto.pl\/t\/index.php?rest_route=\/wp\/v2\/posts\/19989\/revisions\/19991"}],"wp:featuredmedia":[{"embeddable":true,"href":"https:\/\/wgphoto.pl\/t\/index.php?rest_route=\/wp\/v2\/media\/19990"}],"wp:attachment":[{"href":"https:\/\/wgphoto.pl\/t\/index.php?rest_route=%2Fwp%2Fv2%2Fmedia&parent=19989"}],"wp:term":[{"taxonomy":"category","embeddable":true,"href":"https:\/\/wgphoto.pl\/t\/index.php?rest_route=%2Fwp%2Fv2%2Fcategories&post=19989"},{"taxonomy":"post_tag","embeddable":true,"href":"https:\/\/wgphoto.pl\/t\/index.php?rest_route=%2Fwp%2Fv2%2Ftags&post=19989"}],"curies":[{"name":"wp","href":"https:\/\/api.w.org\/{rel}","templated":true}]}}