{"id":19992,"date":"2025-07-08T16:37:00","date_gmt":"2025-07-08T14:37:00","guid":{"rendered":"https:\/\/wgphoto.pl\/t\/?p=19992"},"modified":"2025-07-08T16:37:00","modified_gmt":"2025-07-08T14:37:00","slug":"combino-pod-ksztaltem","status":"publish","type":"post","link":"https:\/\/wgphoto.pl\/t\/?p=19992","title":{"rendered":"Combino pod kszta\u0142tem"},"content":{"rendered":"\n<figure class=\"wp-block-image aligncenter size-full\"><img loading=\"lazy\" decoding=\"async\" width=\"1300\" height=\"861\" src=\"https:\/\/wgphoto.pl\/t\/wp-content\/uploads\/2025\/07\/IMGP3798.jpg\" alt=\"\" class=\"wp-image-19993\" srcset=\"https:\/\/wgphoto.pl\/t\/wp-content\/uploads\/2025\/07\/IMGP3798.jpg 1300w, https:\/\/wgphoto.pl\/t\/wp-content\/uploads\/2025\/07\/IMGP3798-300x199.jpg 300w, https:\/\/wgphoto.pl\/t\/wp-content\/uploads\/2025\/07\/IMGP3798-768x509.jpg 768w\" sizes=\"auto, (max-width: 1300px) 100vw, 1300px\" \/><\/figure>\n\n\n\n<div class=\"wp-block-group has-global-padding is-layout-constrained wp-block-group-is-layout-constrained\">\n<p>Jednym z ciekawszych uj\u0119\u0107 miejscowego tramwaju regionalnego jest kadr z wiaduktu nad stacj\u0105 Nordhausen Nord (tak nazywa si\u0119 stacja w\u0105skotorowa), gdzie tramwaj z ulicy wje\u017cd\u017ca na tory kolejowe, co os\u0142ania semafor kszta\u0142towy. 15.09.2023<\/p>\n<\/div>\n","protected":false},"excerpt":{"rendered":"<p>Jednym z ciekawszych uj\u0119\u0107 miejscowego tramwaju regionalnego jest kadr z wiaduktu nad stacj\u0105 Nordhausen Nord (tak nazywa si\u0119 stacja w\u0105skotorowa), gdzie tramwaj z ulicy wje\u017cd\u017ca na tory kolejowe, co os\u0142ania semafor kszta\u0142towy. 15.09.2023<\/p>\n","protected":false},"author":1,"featured_media":19993,"comment_status":"open","ping_status":"","sticky":false,"template":"","format":"standard","meta":{"footnotes":""},"categories":[6,3],"tags":[2110,559,23,4238,381,53,1153,2111],"class_list":["post-19992","post","type-post","status-publish","format-standard","has-post-thumbnail","hentry","category-2023r","category-tramwaj","tag-2023-09-15","tag-d-ticket-2023","tag-niemcy","tag-nordhausen","tag-siemens-combino","tag-sygnalizacja-ksztaltowa","tag-tramwaj-regionalny","tag-vb-nordhausen"],"_links":{"self":[{"href":"https:\/\/wgphoto.pl\/t\/index.php?rest_route=\/wp\/v2\/posts\/19992","targetHints":{"allow":["GET"]}}],"collection":[{"href":"https:\/\/wgphoto.pl\/t\/index.php?rest_route=\/wp\/v2\/posts"}],"about":[{"href":"https:\/\/wgphoto.pl\/t\/index.php?rest_route=\/wp\/v2\/types\/post"}],"author":[{"embeddable":true,"href":"https:\/\/wgphoto.pl\/t\/index.php?rest_route=\/wp\/v2\/users\/1"}],"replies":[{"embeddable":true,"href":"https:\/\/wgphoto.pl\/t\/index.php?rest_route=%2Fwp%2Fv2%2Fcomments&post=19992"}],"version-history":[{"count":1,"href":"https:\/\/wgphoto.pl\/t\/index.php?rest_route=\/wp\/v2\/posts\/19992\/revisions"}],"predecessor-version":[{"id":19994,"href":"https:\/\/wgphoto.pl\/t\/index.php?rest_route=\/wp\/v2\/posts\/19992\/revisions\/19994"}],"wp:featuredmedia":[{"embeddable":true,"href":"https:\/\/wgphoto.pl\/t\/index.php?rest_route=\/wp\/v2\/media\/19993"}],"wp:attachment":[{"href":"https:\/\/wgphoto.pl\/t\/index.php?rest_route=%2Fwp%2Fv2%2Fmedia&parent=19992"}],"wp:term":[{"taxonomy":"category","embeddable":true,"href":"https:\/\/wgphoto.pl\/t\/index.php?rest_route=%2Fwp%2Fv2%2Fcategories&post=19992"},{"taxonomy":"post_tag","embeddable":true,"href":"https:\/\/wgphoto.pl\/t\/index.php?rest_route=%2Fwp%2Fv2%2Ftags&post=19992"}],"curies":[{"name":"wp","href":"https:\/\/api.w.org\/{rel}","templated":true}]}}