{"id":19995,"date":"2025-07-08T16:37:50","date_gmt":"2025-07-08T14:37:50","guid":{"rendered":"https:\/\/wgphoto.pl\/t\/?p=19995"},"modified":"2025-07-08T16:37:50","modified_gmt":"2025-07-08T14:37:50","slug":"zollverein","status":"publish","type":"post","link":"https:\/\/wgphoto.pl\/t\/?p=19995","title":{"rendered":"Zollverein"},"content":{"rendered":"\n<figure class=\"wp-block-image aligncenter size-full\"><img loading=\"lazy\" decoding=\"async\" width=\"1300\" height=\"861\" src=\"https:\/\/wgphoto.pl\/t\/wp-content\/uploads\/2025\/07\/IMGP4708.jpg\" alt=\"\" class=\"wp-image-19996\" srcset=\"https:\/\/wgphoto.pl\/t\/wp-content\/uploads\/2025\/07\/IMGP4708.jpg 1300w, https:\/\/wgphoto.pl\/t\/wp-content\/uploads\/2025\/07\/IMGP4708-300x199.jpg 300w, https:\/\/wgphoto.pl\/t\/wp-content\/uploads\/2025\/07\/IMGP4708-768x509.jpg 768w\" sizes=\"auto, (max-width: 1300px) 100vw, 1300px\" \/><\/figure>\n\n\n\n<div class=\"wp-block-group has-global-padding is-layout-constrained wp-block-group-is-layout-constrained\">\n<p>Essen, Gelsenkirchener Stra\u00dfe, przystanek Kapitelwiese. Bombardier linii 107, \u0142\u0105cz\u0105cej dworce g\u0142\u00f3wne w s\u0105siaduj\u0105cych miastach Gelsenkirchen i Essen, podczas postoju na przystanku zlokalizowanym w pobli\u017cu kompleksu Zollverein. Teren dawnej kopalni i koksowni, zamkni\u0119tych w 1986 roku, zrewitalizowano i udost\u0119pniono zwiedzaj\u0105cym. Po prawej wida\u0107 charakterystyczny szyb nr 12, b\u0119d\u0105cy jednym z symboli miasta. Ca\u0142o\u015b\u0107 znajduje si\u0119 na li\u015bcie Unesco. Szkoda, \u017ce przemys\u0142owe dziedzictwo G\u00f3rnego \u015al\u0105ska nie doczeka\u0142o si\u0119 podobnej ochrony. 20.09.2023<\/p>\n<\/div>\n","protected":false},"excerpt":{"rendered":"<p>Essen, Gelsenkirchener Stra\u00dfe, przystanek Kapitelwiese. Bombardier linii 107, \u0142\u0105cz\u0105cej dworce g\u0142\u00f3wne w s\u0105siaduj\u0105cych miastach Gelsenkirchen i Essen, podczas postoju na przystanku zlokalizowanym w pobli\u017cu kompleksu Zollverein. Teren dawnej kopalni i koksowni, zamkni\u0119tych w 1986 roku, zrewitalizowano i udost\u0119pniono zwiedzaj\u0105cym. Po prawej wida\u0107 charakterystyczny szyb nr 12, b\u0119d\u0105cy jednym z symboli miasta. Ca\u0142o\u015b\u0107 znajduje si\u0119 na [&hellip;]<\/p>\n","protected":false},"author":1,"featured_media":19996,"comment_status":"open","ping_status":"","sticky":false,"template":"","format":"standard","meta":{"footnotes":""},"categories":[6,3],"tags":[2100,1126,559,2102,303,23,2101,2103],"class_list":["post-19995","post","type-post","status-publish","format-standard","has-post-thumbnail","hentry","category-2023r","category-tramwaj","tag-2023-09-20","tag-bombardier-flexity-classic","tag-d-ticket-2023","tag-essen","tag-industrial","tag-niemcy","tag-ruhrbahn-essen","tag-zaglebie-ruhry"],"_links":{"self":[{"href":"https:\/\/wgphoto.pl\/t\/index.php?rest_route=\/wp\/v2\/posts\/19995","targetHints":{"allow":["GET"]}}],"collection":[{"href":"https:\/\/wgphoto.pl\/t\/index.php?rest_route=\/wp\/v2\/posts"}],"about":[{"href":"https:\/\/wgphoto.pl\/t\/index.php?rest_route=\/wp\/v2\/types\/post"}],"author":[{"embeddable":true,"href":"https:\/\/wgphoto.pl\/t\/index.php?rest_route=\/wp\/v2\/users\/1"}],"replies":[{"embeddable":true,"href":"https:\/\/wgphoto.pl\/t\/index.php?rest_route=%2Fwp%2Fv2%2Fcomments&post=19995"}],"version-history":[{"count":1,"href":"https:\/\/wgphoto.pl\/t\/index.php?rest_route=\/wp\/v2\/posts\/19995\/revisions"}],"predecessor-version":[{"id":19997,"href":"https:\/\/wgphoto.pl\/t\/index.php?rest_route=\/wp\/v2\/posts\/19995\/revisions\/19997"}],"wp:featuredmedia":[{"embeddable":true,"href":"https:\/\/wgphoto.pl\/t\/index.php?rest_route=\/wp\/v2\/media\/19996"}],"wp:attachment":[{"href":"https:\/\/wgphoto.pl\/t\/index.php?rest_route=%2Fwp%2Fv2%2Fmedia&parent=19995"}],"wp:term":[{"taxonomy":"category","embeddable":true,"href":"https:\/\/wgphoto.pl\/t\/index.php?rest_route=%2Fwp%2Fv2%2Fcategories&post=19995"},{"taxonomy":"post_tag","embeddable":true,"href":"https:\/\/wgphoto.pl\/t\/index.php?rest_route=%2Fwp%2Fv2%2Ftags&post=19995"}],"curies":[{"name":"wp","href":"https:\/\/api.w.org\/{rel}","templated":true}]}}