{"id":19998,"date":"2025-07-08T16:38:42","date_gmt":"2025-07-08T14:38:42","guid":{"rendered":"https:\/\/wgphoto.pl\/t\/?p=19998"},"modified":"2025-07-08T16:38:42","modified_gmt":"2025-07-08T14:38:42","slug":"mosty-sa-trzy-ale-pociag-tylko-jeden","status":"publish","type":"post","link":"https:\/\/wgphoto.pl\/t\/?p=19998","title":{"rendered":"Mosty s\u0105 trzy, ale poci\u0105g tylko jeden"},"content":{"rendered":"\n<figure class=\"wp-block-image aligncenter size-full\"><img loading=\"lazy\" decoding=\"async\" width=\"1300\" height=\"819\" src=\"https:\/\/wgphoto.pl\/t\/wp-content\/uploads\/2025\/07\/0522-30_rsn.jpg\" alt=\"\" class=\"wp-image-19999\" srcset=\"https:\/\/wgphoto.pl\/t\/wp-content\/uploads\/2025\/07\/0522-30_rsn.jpg 1300w, https:\/\/wgphoto.pl\/t\/wp-content\/uploads\/2025\/07\/0522-30_rsn-300x189.jpg 300w, https:\/\/wgphoto.pl\/t\/wp-content\/uploads\/2025\/07\/0522-30_rsn-768x484.jpg 768w\" sizes=\"auto, (max-width: 1300px) 100vw, 1300px\" \/><\/figure>\n\n\n\n<div class=\"wp-block-group has-global-padding is-layout-constrained wp-block-group-is-layout-constrained\">\n<p>SU45-064 z poci\u0105giem pospiesznym 63510 &#8222;\u015anie\u017cka&#8221; z Jeleniej G\u00f3ry do Krakowa G\u0142. wje\u017cd\u017ca na most na Nysie K\u0142odzkiej w Bardzie. 21.08.2005<\/p>\n<\/div>\n","protected":false},"excerpt":{"rendered":"<p>SU45-064 z poci\u0105giem pospiesznym 63510 &#8222;\u015anie\u017cka&#8221; z Jeleniej G\u00f3ry do Krakowa G\u0142. wje\u017cd\u017ca na most na Nysie K\u0142odzkiej w Bardzie. 21.08.2005<\/p>\n","protected":false},"author":1,"featured_media":19999,"comment_status":"open","ping_status":"","sticky":false,"template":"","format":"standard","meta":{"footnotes":""},"categories":[62,2,311],"tags":[3700,1227,113,45,63,27,73,290,383],"class_list":["post-19998","post","type-post","status-publish","format-standard","has-post-thumbnail","hentry","category-analog","category-kolej","category-rok-2005","tag-2005-08-21","tag-bardo-slaskie","tag-landszaft","tag-most","tag-pkp","tag-polska","tag-rzeka","tag-su45","tag-tab-pl230"],"_links":{"self":[{"href":"https:\/\/wgphoto.pl\/t\/index.php?rest_route=\/wp\/v2\/posts\/19998","targetHints":{"allow":["GET"]}}],"collection":[{"href":"https:\/\/wgphoto.pl\/t\/index.php?rest_route=\/wp\/v2\/posts"}],"about":[{"href":"https:\/\/wgphoto.pl\/t\/index.php?rest_route=\/wp\/v2\/types\/post"}],"author":[{"embeddable":true,"href":"https:\/\/wgphoto.pl\/t\/index.php?rest_route=\/wp\/v2\/users\/1"}],"replies":[{"embeddable":true,"href":"https:\/\/wgphoto.pl\/t\/index.php?rest_route=%2Fwp%2Fv2%2Fcomments&post=19998"}],"version-history":[{"count":1,"href":"https:\/\/wgphoto.pl\/t\/index.php?rest_route=\/wp\/v2\/posts\/19998\/revisions"}],"predecessor-version":[{"id":20000,"href":"https:\/\/wgphoto.pl\/t\/index.php?rest_route=\/wp\/v2\/posts\/19998\/revisions\/20000"}],"wp:featuredmedia":[{"embeddable":true,"href":"https:\/\/wgphoto.pl\/t\/index.php?rest_route=\/wp\/v2\/media\/19999"}],"wp:attachment":[{"href":"https:\/\/wgphoto.pl\/t\/index.php?rest_route=%2Fwp%2Fv2%2Fmedia&parent=19998"}],"wp:term":[{"taxonomy":"category","embeddable":true,"href":"https:\/\/wgphoto.pl\/t\/index.php?rest_route=%2Fwp%2Fv2%2Fcategories&post=19998"},{"taxonomy":"post_tag","embeddable":true,"href":"https:\/\/wgphoto.pl\/t\/index.php?rest_route=%2Fwp%2Fv2%2Ftags&post=19998"}],"curies":[{"name":"wp","href":"https:\/\/api.w.org\/{rel}","templated":true}]}}