{"id":20004,"date":"2025-07-08T16:40:35","date_gmt":"2025-07-08T14:40:35","guid":{"rendered":"https:\/\/wgphoto.pl\/t\/?p=20004"},"modified":"2025-07-08T16:40:35","modified_gmt":"2025-07-08T14:40:35","slug":"21-lat-temu","status":"publish","type":"post","link":"https:\/\/wgphoto.pl\/t\/?p=20004","title":{"rendered":"21 lat temu"},"content":{"rendered":"\n<figure class=\"wp-block-image aligncenter size-full\"><img loading=\"lazy\" decoding=\"async\" width=\"1300\" height=\"861\" src=\"https:\/\/wgphoto.pl\/t\/wp-content\/uploads\/2025\/07\/2002w-19_rsn.jpg\" alt=\"\" class=\"wp-image-20005\" srcset=\"https:\/\/wgphoto.pl\/t\/wp-content\/uploads\/2025\/07\/2002w-19_rsn.jpg 1300w, https:\/\/wgphoto.pl\/t\/wp-content\/uploads\/2025\/07\/2002w-19_rsn-300x199.jpg 300w, https:\/\/wgphoto.pl\/t\/wp-content\/uploads\/2025\/07\/2002w-19_rsn-768x509.jpg 768w\" sizes=\"auto, (max-width: 1300px) 100vw, 1300px\" \/><\/figure>\n\n\n\n<div class=\"wp-block-group has-global-padding is-layout-constrained wp-block-group-is-layout-constrained\">\n<p>Wroc\u0142aw, ul. Jedno\u015bci Narodowej. 102Na 2031 toczy si\u0119 niespiesznie po krzywych torach w kierunku centrum. Remont ulicy rozpocz\u0105\u0142 si\u0119 dwa miesi\u0105ce p\u00f3\u017aniej a dzi\u015b, pomimo up\u0142ywu 20 lat od przebudowy, jest tu wci\u0105\u017c ca\u0142kiem rze\u015bko i spokojnie mo\u017cna \u015bmiga\u0107 tramwajem z vmax. 24.09.2001<\/p>\n<\/div>\n","protected":false},"excerpt":{"rendered":"<p>Wroc\u0142aw, ul. Jedno\u015bci Narodowej. 102Na 2031 toczy si\u0119 niespiesznie po krzywych torach w kierunku centrum. Remont ulicy rozpocz\u0105\u0142 si\u0119 dwa miesi\u0105ce p\u00f3\u017aniej a dzi\u015b, pomimo up\u0142ywu 20 lat od przebudowy, jest tu wci\u0105\u017c ca\u0142kiem rze\u015bko i spokojnie mo\u017cna \u015bmiga\u0107 tramwajem z vmax. 24.09.2001<\/p>\n","protected":false},"author":1,"featured_media":20005,"comment_status":"open","ping_status":"","sticky":false,"template":"","format":"standard","meta":{"footnotes":""},"categories":[62,940,3],"tags":[4240,309,42,27,41],"class_list":["post-20004","post","type-post","status-publish","format-standard","has-post-thumbnail","hentry","category-analog","category-rok-2001","category-tramwaj","tag-2001-09-24","tag-konstal-102na","tag-mpk-wroclaw","tag-polska","tag-wroclaw"],"_links":{"self":[{"href":"https:\/\/wgphoto.pl\/t\/index.php?rest_route=\/wp\/v2\/posts\/20004","targetHints":{"allow":["GET"]}}],"collection":[{"href":"https:\/\/wgphoto.pl\/t\/index.php?rest_route=\/wp\/v2\/posts"}],"about":[{"href":"https:\/\/wgphoto.pl\/t\/index.php?rest_route=\/wp\/v2\/types\/post"}],"author":[{"embeddable":true,"href":"https:\/\/wgphoto.pl\/t\/index.php?rest_route=\/wp\/v2\/users\/1"}],"replies":[{"embeddable":true,"href":"https:\/\/wgphoto.pl\/t\/index.php?rest_route=%2Fwp%2Fv2%2Fcomments&post=20004"}],"version-history":[{"count":1,"href":"https:\/\/wgphoto.pl\/t\/index.php?rest_route=\/wp\/v2\/posts\/20004\/revisions"}],"predecessor-version":[{"id":20006,"href":"https:\/\/wgphoto.pl\/t\/index.php?rest_route=\/wp\/v2\/posts\/20004\/revisions\/20006"}],"wp:featuredmedia":[{"embeddable":true,"href":"https:\/\/wgphoto.pl\/t\/index.php?rest_route=\/wp\/v2\/media\/20005"}],"wp:attachment":[{"href":"https:\/\/wgphoto.pl\/t\/index.php?rest_route=%2Fwp%2Fv2%2Fmedia&parent=20004"}],"wp:term":[{"taxonomy":"category","embeddable":true,"href":"https:\/\/wgphoto.pl\/t\/index.php?rest_route=%2Fwp%2Fv2%2Fcategories&post=20004"},{"taxonomy":"post_tag","embeddable":true,"href":"https:\/\/wgphoto.pl\/t\/index.php?rest_route=%2Fwp%2Fv2%2Ftags&post=20004"}],"curies":[{"name":"wp","href":"https:\/\/api.w.org\/{rel}","templated":true}]}}