{"id":20007,"date":"2025-07-08T16:41:26","date_gmt":"2025-07-08T14:41:26","guid":{"rendered":"https:\/\/wgphoto.pl\/t\/?p=20007"},"modified":"2025-07-08T16:41:26","modified_gmt":"2025-07-08T14:41:26","slug":"z-okna-steingassenturm","status":"publish","type":"post","link":"https:\/\/wgphoto.pl\/t\/?p=20007","title":{"rendered":"Z okna Steingassenturm"},"content":{"rendered":"\n<figure class=\"wp-block-image aligncenter size-full\"><img loading=\"lazy\" decoding=\"async\" width=\"773\" height=\"1000\" src=\"https:\/\/wgphoto.pl\/t\/wp-content\/uploads\/2025\/07\/IMGP4230-1.jpg\" alt=\"\" class=\"wp-image-20008\" srcset=\"https:\/\/wgphoto.pl\/t\/wp-content\/uploads\/2025\/07\/IMGP4230-1.jpg 773w, https:\/\/wgphoto.pl\/t\/wp-content\/uploads\/2025\/07\/IMGP4230-1-232x300.jpg 232w, https:\/\/wgphoto.pl\/t\/wp-content\/uploads\/2025\/07\/IMGP4230-1-768x994.jpg 768w\" sizes=\"auto, (max-width: 773px) 100vw, 773px\" \/><\/figure>\n\n\n\n<div class=\"wp-block-group has-global-padding is-layout-constrained wp-block-group-is-layout-constrained\">\n<p>Jednostka 460.014 jako poci\u0105g RB26 relacji K\u00f6ln Messe\/Deutz &#8211; Mainz Hbf za par\u0119 chwil zatrzyma si\u0119 w Oberwesel. Foto wykonano z okna jednej z wielu \u015bredniowecznych wie\u017c stoj\u0105cych w okolicy. 17.09.2023<\/p>\n<\/div>\n","protected":false},"excerpt":{"rendered":"<p>Jednostka 460.014 jako poci\u0105g RB26 relacji K\u00f6ln Messe\/Deutz &#8211; Mainz Hbf za par\u0119 chwil zatrzyma si\u0119 w Oberwesel. Foto wykonano z okna jednej z wielu \u015bredniowecznych wie\u017c stoj\u0105cych w okolicy. 17.09.2023<\/p>\n","protected":false},"author":1,"featured_media":20008,"comment_status":"open","ping_status":"","sticky":false,"template":"","format":"standard","meta":{"footnotes":""},"categories":[2,128,6],"tags":[571,559,568,23,569,905,4242,4241],"class_list":["post-20007","post","type-post","status-publish","format-standard","has-post-thumbnail","hentry","category-kolej","category-pionowe","category-2023r","tag-2023-09-17","tag-d-ticket-2023","tag-linke-rheinstrecke","tag-niemcy","tag-oberwesel","tag-przez","tag-siemens-desiro-ml","tag-trans-regio"],"_links":{"self":[{"href":"https:\/\/wgphoto.pl\/t\/index.php?rest_route=\/wp\/v2\/posts\/20007","targetHints":{"allow":["GET"]}}],"collection":[{"href":"https:\/\/wgphoto.pl\/t\/index.php?rest_route=\/wp\/v2\/posts"}],"about":[{"href":"https:\/\/wgphoto.pl\/t\/index.php?rest_route=\/wp\/v2\/types\/post"}],"author":[{"embeddable":true,"href":"https:\/\/wgphoto.pl\/t\/index.php?rest_route=\/wp\/v2\/users\/1"}],"replies":[{"embeddable":true,"href":"https:\/\/wgphoto.pl\/t\/index.php?rest_route=%2Fwp%2Fv2%2Fcomments&post=20007"}],"version-history":[{"count":1,"href":"https:\/\/wgphoto.pl\/t\/index.php?rest_route=\/wp\/v2\/posts\/20007\/revisions"}],"predecessor-version":[{"id":20009,"href":"https:\/\/wgphoto.pl\/t\/index.php?rest_route=\/wp\/v2\/posts\/20007\/revisions\/20009"}],"wp:featuredmedia":[{"embeddable":true,"href":"https:\/\/wgphoto.pl\/t\/index.php?rest_route=\/wp\/v2\/media\/20008"}],"wp:attachment":[{"href":"https:\/\/wgphoto.pl\/t\/index.php?rest_route=%2Fwp%2Fv2%2Fmedia&parent=20007"}],"wp:term":[{"taxonomy":"category","embeddable":true,"href":"https:\/\/wgphoto.pl\/t\/index.php?rest_route=%2Fwp%2Fv2%2Fcategories&post=20007"},{"taxonomy":"post_tag","embeddable":true,"href":"https:\/\/wgphoto.pl\/t\/index.php?rest_route=%2Fwp%2Fv2%2Ftags&post=20007"}],"curies":[{"name":"wp","href":"https:\/\/api.w.org\/{rel}","templated":true}]}}