{"id":20010,"date":"2025-07-08T16:42:31","date_gmt":"2025-07-08T14:42:31","guid":{"rendered":"https:\/\/wgphoto.pl\/t\/?p=20010"},"modified":"2025-07-08T16:42:31","modified_gmt":"2025-07-08T14:42:31","slug":"mijanka-o-zmierzchu-2","status":"publish","type":"post","link":"https:\/\/wgphoto.pl\/t\/?p=20010","title":{"rendered":"Mijanka o zmierzchu"},"content":{"rendered":"\n<figure class=\"wp-block-image aligncenter size-full\"><img loading=\"lazy\" decoding=\"async\" width=\"1300\" height=\"867\" src=\"https:\/\/wgphoto.pl\/t\/wp-content\/uploads\/2025\/07\/0527-24_rsn.jpg\" alt=\"\" class=\"wp-image-20011\" srcset=\"https:\/\/wgphoto.pl\/t\/wp-content\/uploads\/2025\/07\/0527-24_rsn.jpg 1300w, https:\/\/wgphoto.pl\/t\/wp-content\/uploads\/2025\/07\/0527-24_rsn-300x200.jpg 300w, https:\/\/wgphoto.pl\/t\/wp-content\/uploads\/2025\/07\/0527-24_rsn-768x512.jpg 768w\" sizes=\"auto, (max-width: 1300px) 100vw, 1300px\" \/><\/figure>\n\n\n\n<div class=\"wp-block-group has-global-padding is-layout-constrained wp-block-group-is-layout-constrained\">\n<p>EU07-234 z poci\u0105giem osobowym 67937 z Wroc\u0142awia G\u0142. do Leszna mija na stacji Wroc\u0142aw Osobowice poci\u0105g towarowy prowadzony maszyn\u0105 ET22-1003. 20.09.2005<\/p>\n<\/div>\n","protected":false},"excerpt":{"rendered":"<p>EU07-234 z poci\u0105giem osobowym 67937 z Wroc\u0142awia G\u0142. do Leszna mija na stacji Wroc\u0142aw Osobowice poci\u0105g towarowy prowadzony maszyn\u0105 ET22-1003. 20.09.2005<\/p>\n","protected":false},"author":1,"featured_media":20011,"comment_status":"open","ping_status":"","sticky":false,"template":"","format":"standard","meta":{"footnotes":""},"categories":[62,2,311],"tags":[1848,283,26,122,27,190,41,191],"class_list":["post-20010","post","type-post","status-publish","format-standard","has-post-thumbnail","hentry","category-analog","category-kolej","category-rok-2005","tag-2005-09-20","tag-bdhpmnu","tag-et22","tag-eu07","tag-polska","tag-tab-pl330","tag-wroclaw","tag-wroclaw-osobowice"],"_links":{"self":[{"href":"https:\/\/wgphoto.pl\/t\/index.php?rest_route=\/wp\/v2\/posts\/20010","targetHints":{"allow":["GET"]}}],"collection":[{"href":"https:\/\/wgphoto.pl\/t\/index.php?rest_route=\/wp\/v2\/posts"}],"about":[{"href":"https:\/\/wgphoto.pl\/t\/index.php?rest_route=\/wp\/v2\/types\/post"}],"author":[{"embeddable":true,"href":"https:\/\/wgphoto.pl\/t\/index.php?rest_route=\/wp\/v2\/users\/1"}],"replies":[{"embeddable":true,"href":"https:\/\/wgphoto.pl\/t\/index.php?rest_route=%2Fwp%2Fv2%2Fcomments&post=20010"}],"version-history":[{"count":1,"href":"https:\/\/wgphoto.pl\/t\/index.php?rest_route=\/wp\/v2\/posts\/20010\/revisions"}],"predecessor-version":[{"id":20012,"href":"https:\/\/wgphoto.pl\/t\/index.php?rest_route=\/wp\/v2\/posts\/20010\/revisions\/20012"}],"wp:featuredmedia":[{"embeddable":true,"href":"https:\/\/wgphoto.pl\/t\/index.php?rest_route=\/wp\/v2\/media\/20011"}],"wp:attachment":[{"href":"https:\/\/wgphoto.pl\/t\/index.php?rest_route=%2Fwp%2Fv2%2Fmedia&parent=20010"}],"wp:term":[{"taxonomy":"category","embeddable":true,"href":"https:\/\/wgphoto.pl\/t\/index.php?rest_route=%2Fwp%2Fv2%2Fcategories&post=20010"},{"taxonomy":"post_tag","embeddable":true,"href":"https:\/\/wgphoto.pl\/t\/index.php?rest_route=%2Fwp%2Fv2%2Ftags&post=20010"}],"curies":[{"name":"wp","href":"https:\/\/api.w.org\/{rel}","templated":true}]}}