{"id":20013,"date":"2025-07-08T16:43:17","date_gmt":"2025-07-08T14:43:17","guid":{"rendered":"https:\/\/wgphoto.pl\/t\/?p=20013"},"modified":"2025-07-08T16:43:17","modified_gmt":"2025-07-08T14:43:17","slug":"szewska-bez-deptaku","status":"publish","type":"post","link":"https:\/\/wgphoto.pl\/t\/?p=20013","title":{"rendered":"Szewska bez deptaku"},"content":{"rendered":"\n<figure class=\"wp-block-image aligncenter size-full\"><img loading=\"lazy\" decoding=\"async\" width=\"1300\" height=\"861\" src=\"https:\/\/wgphoto.pl\/t\/wp-content\/uploads\/2025\/07\/0335-26_rsn.jpg\" alt=\"\" class=\"wp-image-20014\" srcset=\"https:\/\/wgphoto.pl\/t\/wp-content\/uploads\/2025\/07\/0335-26_rsn.jpg 1300w, https:\/\/wgphoto.pl\/t\/wp-content\/uploads\/2025\/07\/0335-26_rsn-300x199.jpg 300w, https:\/\/wgphoto.pl\/t\/wp-content\/uploads\/2025\/07\/0335-26_rsn-768x509.jpg 768w\" sizes=\"auto, (max-width: 1300px) 100vw, 1300px\" \/><\/figure>\n\n\n\n<div class=\"wp-block-group has-global-padding is-layout-constrained wp-block-group-is-layout-constrained\">\n<p>Wroc\u0142aw, ul. Szewska. 102Na 2007 na skrzy\u017cowaniu z ul. Wita Stwosza. Par\u0119 lat p\u00f3\u017aniej w tym miejscu powsta\u0142 deptak i mimo \u017ce je\u017adzi po nim niestety mn\u00f3stwo samochod\u00f3w, to wygl\u0105d ulicy zmieni\u0142 si\u0119 jednak nie do poznania. 04.10.2003<\/p>\n<\/div>\n","protected":false},"excerpt":{"rendered":"<p>Wroc\u0142aw, ul. Szewska. 102Na 2007 na skrzy\u017cowaniu z ul. Wita Stwosza. Par\u0119 lat p\u00f3\u017aniej w tym miejscu powsta\u0142 deptak i mimo \u017ce je\u017adzi po nim niestety mn\u00f3stwo samochod\u00f3w, to wygl\u0105d ulicy zmieni\u0142 si\u0119 jednak nie do poznania. 04.10.2003<\/p>\n","protected":false},"author":1,"featured_media":20014,"comment_status":"open","ping_status":"","sticky":false,"template":"","format":"standard","meta":{"footnotes":""},"categories":[62,149,3],"tags":[4243,309,42,27,41],"class_list":["post-20013","post","type-post","status-publish","format-standard","has-post-thumbnail","hentry","category-analog","category-rok-2003","category-tramwaj","tag-2003-10-04","tag-konstal-102na","tag-mpk-wroclaw","tag-polska","tag-wroclaw"],"_links":{"self":[{"href":"https:\/\/wgphoto.pl\/t\/index.php?rest_route=\/wp\/v2\/posts\/20013","targetHints":{"allow":["GET"]}}],"collection":[{"href":"https:\/\/wgphoto.pl\/t\/index.php?rest_route=\/wp\/v2\/posts"}],"about":[{"href":"https:\/\/wgphoto.pl\/t\/index.php?rest_route=\/wp\/v2\/types\/post"}],"author":[{"embeddable":true,"href":"https:\/\/wgphoto.pl\/t\/index.php?rest_route=\/wp\/v2\/users\/1"}],"replies":[{"embeddable":true,"href":"https:\/\/wgphoto.pl\/t\/index.php?rest_route=%2Fwp%2Fv2%2Fcomments&post=20013"}],"version-history":[{"count":1,"href":"https:\/\/wgphoto.pl\/t\/index.php?rest_route=\/wp\/v2\/posts\/20013\/revisions"}],"predecessor-version":[{"id":20015,"href":"https:\/\/wgphoto.pl\/t\/index.php?rest_route=\/wp\/v2\/posts\/20013\/revisions\/20015"}],"wp:featuredmedia":[{"embeddable":true,"href":"https:\/\/wgphoto.pl\/t\/index.php?rest_route=\/wp\/v2\/media\/20014"}],"wp:attachment":[{"href":"https:\/\/wgphoto.pl\/t\/index.php?rest_route=%2Fwp%2Fv2%2Fmedia&parent=20013"}],"wp:term":[{"taxonomy":"category","embeddable":true,"href":"https:\/\/wgphoto.pl\/t\/index.php?rest_route=%2Fwp%2Fv2%2Fcategories&post=20013"},{"taxonomy":"post_tag","embeddable":true,"href":"https:\/\/wgphoto.pl\/t\/index.php?rest_route=%2Fwp%2Fv2%2Ftags&post=20013"}],"curies":[{"name":"wp","href":"https:\/\/api.w.org\/{rel}","templated":true}]}}