{"id":20032,"date":"2025-07-08T16:48:40","date_gmt":"2025-07-08T14:48:40","guid":{"rendered":"https:\/\/wgphoto.pl\/t\/?p=20032"},"modified":"2025-07-08T16:48:40","modified_gmt":"2025-07-08T14:48:40","slug":"tunel-pod-gora-tunelowa-2","status":"publish","type":"post","link":"https:\/\/wgphoto.pl\/t\/?p=20032","title":{"rendered":"Tunel pod G\u00f3r\u0105 Tunelow\u0105 (2)"},"content":{"rendered":"\n<figure class=\"wp-block-image aligncenter size-full\"><img loading=\"lazy\" decoding=\"async\" width=\"1300\" height=\"861\" src=\"https:\/\/wgphoto.pl\/t\/wp-content\/uploads\/2025\/07\/IMGP1795.jpg\" alt=\"\" class=\"wp-image-20033\" srcset=\"https:\/\/wgphoto.pl\/t\/wp-content\/uploads\/2025\/07\/IMGP1795.jpg 1300w, https:\/\/wgphoto.pl\/t\/wp-content\/uploads\/2025\/07\/IMGP1795-300x199.jpg 300w, https:\/\/wgphoto.pl\/t\/wp-content\/uploads\/2025\/07\/IMGP1795-768x509.jpg 768w\" sizes=\"auto, (max-width: 1300px) 100vw, 1300px\" \/><\/figure>\n\n\n\n<div class=\"wp-block-group has-global-padding is-layout-constrained wp-block-group-is-layout-constrained\">\n<p>Osobowy ze Szklarskiej Por\u0119by G\u00f3rnej do Wroc\u0142awia wje\u017cd\u017ca do tunelu pod G\u00f3r\u0105 Tunelow\u0105 (445 m n.p.m.) mi\u0119dzy Wojanowem i Trzci\u0144skiem. 16.10.2018<\/p>\n<\/div>\n","protected":false},"excerpt":{"rendered":"<p>Osobowy ze Szklarskiej Por\u0119by G\u00f3rnej do Wroc\u0142awia wje\u017cd\u017ca do tunelu pod G\u00f3r\u0105 Tunelow\u0105 (445 m n.p.m.) mi\u0119dzy Wojanowem i Trzci\u0144skiem. 16.10.2018<\/p>\n","protected":false},"author":1,"featured_media":20033,"comment_status":"open","ping_status":"","sticky":false,"template":"","format":"standard","meta":{"footnotes":""},"categories":[2,156],"tags":[2044,499,126,402,1606,173,404,27,200,2828,15,781],"class_list":["post-20032","post","type-post","status-publish","format-standard","has-post-thumbnail","hentry","category-kolej","category-rok-2018","tag-2018-10-16","tag-45we","tag-jesien","tag-kd","tag-koleje-dolnoslaskie","tag-koncowki","tag-newag-impuls","tag-polska","tag-tab-pl240","tag-trzcinsko","tag-tunel","tag-wojanow"],"_links":{"self":[{"href":"https:\/\/wgphoto.pl\/t\/index.php?rest_route=\/wp\/v2\/posts\/20032","targetHints":{"allow":["GET"]}}],"collection":[{"href":"https:\/\/wgphoto.pl\/t\/index.php?rest_route=\/wp\/v2\/posts"}],"about":[{"href":"https:\/\/wgphoto.pl\/t\/index.php?rest_route=\/wp\/v2\/types\/post"}],"author":[{"embeddable":true,"href":"https:\/\/wgphoto.pl\/t\/index.php?rest_route=\/wp\/v2\/users\/1"}],"replies":[{"embeddable":true,"href":"https:\/\/wgphoto.pl\/t\/index.php?rest_route=%2Fwp%2Fv2%2Fcomments&post=20032"}],"version-history":[{"count":1,"href":"https:\/\/wgphoto.pl\/t\/index.php?rest_route=\/wp\/v2\/posts\/20032\/revisions"}],"predecessor-version":[{"id":20034,"href":"https:\/\/wgphoto.pl\/t\/index.php?rest_route=\/wp\/v2\/posts\/20032\/revisions\/20034"}],"wp:featuredmedia":[{"embeddable":true,"href":"https:\/\/wgphoto.pl\/t\/index.php?rest_route=\/wp\/v2\/media\/20033"}],"wp:attachment":[{"href":"https:\/\/wgphoto.pl\/t\/index.php?rest_route=%2Fwp%2Fv2%2Fmedia&parent=20032"}],"wp:term":[{"taxonomy":"category","embeddable":true,"href":"https:\/\/wgphoto.pl\/t\/index.php?rest_route=%2Fwp%2Fv2%2Fcategories&post=20032"},{"taxonomy":"post_tag","embeddable":true,"href":"https:\/\/wgphoto.pl\/t\/index.php?rest_route=%2Fwp%2Fv2%2Ftags&post=20032"}],"curies":[{"name":"wp","href":"https:\/\/api.w.org\/{rel}","templated":true}]}}