{"id":20038,"date":"2025-07-08T16:51:29","date_gmt":"2025-07-08T14:51:29","guid":{"rendered":"https:\/\/wgphoto.pl\/t\/?p=20038"},"modified":"2025-07-08T16:51:29","modified_gmt":"2025-07-08T14:51:29","slug":"do-zobaczenia-w-polsce","status":"publish","type":"post","link":"https:\/\/wgphoto.pl\/t\/?p=20038","title":{"rendered":"Do zobaczenia w Polsce"},"content":{"rendered":"\n<figure class=\"wp-block-image aligncenter size-full\"><img loading=\"lazy\" decoding=\"async\" width=\"1300\" height=\"861\" src=\"https:\/\/wgphoto.pl\/t\/wp-content\/uploads\/2025\/07\/IMGP6505.jpg\" alt=\"\" class=\"wp-image-20041\" srcset=\"https:\/\/wgphoto.pl\/t\/wp-content\/uploads\/2025\/07\/IMGP6505.jpg 1300w, https:\/\/wgphoto.pl\/t\/wp-content\/uploads\/2025\/07\/IMGP6505-300x199.jpg 300w, https:\/\/wgphoto.pl\/t\/wp-content\/uploads\/2025\/07\/IMGP6505-768x509.jpg 768w\" sizes=\"auto, (max-width: 1300px) 100vw, 1300px\" \/><\/figure>\n\n\n\n<div class=\"wp-block-group has-global-padding is-layout-constrained wp-block-group-is-layout-constrained\">\n<p>Jena, Kahlaische Stra\u00dfe, GT6M-ZR 608. Robi\u0105c to zdj\u0119cie i je\u017cd\u017c\u0105c tramwajami po mie\u015bcie w \u017cyciu bym nie pomy\u015bla\u0142, \u017ce za kilka lat te wagony trafi\u0105 do Polski. W\u0142a\u015bnie w\u00f3z ze zdj\u0119cia jest jednym z dw\u00f3ch pierwszych, kt\u00f3re kilka dni temu roz\u0142adowano w \u0141odzi (opis powsta\u0142 01.10.2023). \u0141\u0105cznie kupiono na razie 10 sztuk. 16.08.2016<\/p>\n<\/div>\n","protected":false},"excerpt":{"rendered":"<p>Jena, Kahlaische Stra\u00dfe, GT6M-ZR 608. Robi\u0105c to zdj\u0119cie i je\u017cd\u017c\u0105c tramwajami po mie\u015bcie w \u017cyciu bym nie pomy\u015bla\u0142, \u017ce za kilka lat te wagony trafi\u0105 do Polski. W\u0142a\u015bnie w\u00f3z ze zdj\u0119cia jest jednym z dw\u00f3ch pierwszych, kt\u00f3re kilka dni temu roz\u0142adowano w \u0141odzi (opis powsta\u0142 01.10.2023). \u0141\u0105cznie kupiono na razie 10 sztuk. 16.08.2016<\/p>\n","protected":false},"author":1,"featured_media":20041,"comment_status":"open","ping_status":"","sticky":false,"template":"","format":"standard","meta":{"footnotes":""},"categories":[125,3],"tags":[1263,34,1265,1264,1266,23],"class_list":["post-20038","post","type-post","status-publish","format-standard","has-post-thumbnail","hentry","category-rok-2016","category-tramwaj","tag-2016-08-16","tag-architektura","tag-gtxn","tag-jena","tag-jenah-jena","tag-niemcy"],"_links":{"self":[{"href":"https:\/\/wgphoto.pl\/t\/index.php?rest_route=\/wp\/v2\/posts\/20038","targetHints":{"allow":["GET"]}}],"collection":[{"href":"https:\/\/wgphoto.pl\/t\/index.php?rest_route=\/wp\/v2\/posts"}],"about":[{"href":"https:\/\/wgphoto.pl\/t\/index.php?rest_route=\/wp\/v2\/types\/post"}],"author":[{"embeddable":true,"href":"https:\/\/wgphoto.pl\/t\/index.php?rest_route=\/wp\/v2\/users\/1"}],"replies":[{"embeddable":true,"href":"https:\/\/wgphoto.pl\/t\/index.php?rest_route=%2Fwp%2Fv2%2Fcomments&post=20038"}],"version-history":[{"count":1,"href":"https:\/\/wgphoto.pl\/t\/index.php?rest_route=\/wp\/v2\/posts\/20038\/revisions"}],"predecessor-version":[{"id":20042,"href":"https:\/\/wgphoto.pl\/t\/index.php?rest_route=\/wp\/v2\/posts\/20038\/revisions\/20042"}],"wp:featuredmedia":[{"embeddable":true,"href":"https:\/\/wgphoto.pl\/t\/index.php?rest_route=\/wp\/v2\/media\/20041"}],"wp:attachment":[{"href":"https:\/\/wgphoto.pl\/t\/index.php?rest_route=%2Fwp%2Fv2%2Fmedia&parent=20038"}],"wp:term":[{"taxonomy":"category","embeddable":true,"href":"https:\/\/wgphoto.pl\/t\/index.php?rest_route=%2Fwp%2Fv2%2Fcategories&post=20038"},{"taxonomy":"post_tag","embeddable":true,"href":"https:\/\/wgphoto.pl\/t\/index.php?rest_route=%2Fwp%2Fv2%2Ftags&post=20038"}],"curies":[{"name":"wp","href":"https:\/\/api.w.org\/{rel}","templated":true}]}}