{"id":20050,"date":"2025-07-09T16:45:06","date_gmt":"2025-07-09T14:45:06","guid":{"rendered":"https:\/\/wgphoto.pl\/t\/?p=20050"},"modified":"2025-07-09T16:45:06","modified_gmt":"2025-07-09T14:45:06","slug":"754-067-o-zmierzchu","status":"publish","type":"post","link":"https:\/\/wgphoto.pl\/t\/?p=20050","title":{"rendered":"754.067 o zmierzchu"},"content":{"rendered":"\n<figure class=\"wp-block-image aligncenter size-full\"><img loading=\"lazy\" decoding=\"async\" width=\"1400\" height=\"927\" src=\"https:\/\/wgphoto.pl\/t\/wp-content\/uploads\/2025\/07\/IMGP8696.jpg\" alt=\"\" class=\"wp-image-20051\" srcset=\"https:\/\/wgphoto.pl\/t\/wp-content\/uploads\/2025\/07\/IMGP8696.jpg 1400w, https:\/\/wgphoto.pl\/t\/wp-content\/uploads\/2025\/07\/IMGP8696-300x199.jpg 300w, https:\/\/wgphoto.pl\/t\/wp-content\/uploads\/2025\/07\/IMGP8696-768x509.jpg 768w\" sizes=\"auto, (max-width: 1400px) 100vw, 1400px\" \/><\/figure>\n\n\n\n<div class=\"wp-block-group has-global-padding is-layout-constrained wp-block-group-is-layout-constrained\">\n<p>754.067 z poci\u0105giem przyspieszonym 1773 Brno hl.n. &#8211; Bojkovice wje\u017cd\u017ca o zmierzchu do stacji \u00dajezdec u Luha\u010dovic. To jedyny kurs \u010cD realizowany w tej relacji. W tym miejscu wprawdzie pojawiaj\u0105 si\u0119 nurki, ale z po\u015bpiechami z Pragi, natomiast ca\u0142y, z wyj\u0105tkiem tej jednej pary, ruch osobowy na Kolei Vlarskiej obs\u0142uguj\u0105 szynobusy Arrivy. 16.08.2024<\/p>\n<\/div>\n","protected":false},"excerpt":{"rendered":"<p>754.067 z poci\u0105giem przyspieszonym 1773 Brno hl.n. &#8211; Bojkovice wje\u017cd\u017ca o zmierzchu do stacji \u00dajezdec u Luha\u010dovic. To jedyny kurs \u010cD realizowany w tej relacji. W tym miejscu wprawdzie pojawiaj\u0105 si\u0119 nurki, ale z po\u015bpiechami z Pragi, natomiast ca\u0142y, z wyj\u0105tkiem tej jednej pary, ruch osobowy na Kolei Vlarskiej obs\u0142uguj\u0105 szynobusy Arrivy. 16.08.2024<\/p>\n","protected":false},"author":1,"featured_media":20051,"comment_status":"open","ping_status":"","sticky":false,"template":"","format":"standard","meta":{"footnotes":""},"categories":[2,5],"tags":[1241,335,91,50,49,553,139,462,4249,90],"class_list":["post-20050","post","type-post","status-publish","format-standard","has-post-thumbnail","hentry","category-kolej","category-2024r","tag-2024-08-16","tag-335","tag-blue-hour","tag-cd","tag-czechy","tag-morawy-2024","tag-retro","tag-tab-cz341","tag-ujezdec-u-luhacovic","tag-wieczorem"],"_links":{"self":[{"href":"https:\/\/wgphoto.pl\/t\/index.php?rest_route=\/wp\/v2\/posts\/20050","targetHints":{"allow":["GET"]}}],"collection":[{"href":"https:\/\/wgphoto.pl\/t\/index.php?rest_route=\/wp\/v2\/posts"}],"about":[{"href":"https:\/\/wgphoto.pl\/t\/index.php?rest_route=\/wp\/v2\/types\/post"}],"author":[{"embeddable":true,"href":"https:\/\/wgphoto.pl\/t\/index.php?rest_route=\/wp\/v2\/users\/1"}],"replies":[{"embeddable":true,"href":"https:\/\/wgphoto.pl\/t\/index.php?rest_route=%2Fwp%2Fv2%2Fcomments&post=20050"}],"version-history":[{"count":1,"href":"https:\/\/wgphoto.pl\/t\/index.php?rest_route=\/wp\/v2\/posts\/20050\/revisions"}],"predecessor-version":[{"id":20052,"href":"https:\/\/wgphoto.pl\/t\/index.php?rest_route=\/wp\/v2\/posts\/20050\/revisions\/20052"}],"wp:featuredmedia":[{"embeddable":true,"href":"https:\/\/wgphoto.pl\/t\/index.php?rest_route=\/wp\/v2\/media\/20051"}],"wp:attachment":[{"href":"https:\/\/wgphoto.pl\/t\/index.php?rest_route=%2Fwp%2Fv2%2Fmedia&parent=20050"}],"wp:term":[{"taxonomy":"category","embeddable":true,"href":"https:\/\/wgphoto.pl\/t\/index.php?rest_route=%2Fwp%2Fv2%2Fcategories&post=20050"},{"taxonomy":"post_tag","embeddable":true,"href":"https:\/\/wgphoto.pl\/t\/index.php?rest_route=%2Fwp%2Fv2%2Ftags&post=20050"}],"curies":[{"name":"wp","href":"https:\/\/api.w.org\/{rel}","templated":true}]}}