{"id":20056,"date":"2025-07-09T17:50:40","date_gmt":"2025-07-09T15:50:40","guid":{"rendered":"https:\/\/wgphoto.pl\/t\/?p=20056"},"modified":"2025-07-09T17:50:40","modified_gmt":"2025-07-09T15:50:40","slug":"bez-okazji","status":"publish","type":"post","link":"https:\/\/wgphoto.pl\/t\/?p=20056","title":{"rendered":"Bez okazji"},"content":{"rendered":"\n<figure class=\"wp-block-image aligncenter size-full\"><img loading=\"lazy\" decoding=\"async\" width=\"1400\" height=\"896\" src=\"https:\/\/wgphoto.pl\/t\/wp-content\/uploads\/2025\/07\/2001n-17_rsn.jpg\" alt=\"\" class=\"wp-image-20057\" srcset=\"https:\/\/wgphoto.pl\/t\/wp-content\/uploads\/2025\/07\/2001n-17_rsn.jpg 1400w, https:\/\/wgphoto.pl\/t\/wp-content\/uploads\/2025\/07\/2001n-17_rsn-300x192.jpg 300w, https:\/\/wgphoto.pl\/t\/wp-content\/uploads\/2025\/07\/2001n-17_rsn-768x492.jpg 768w\" sizes=\"auto, (max-width: 1400px) 100vw, 1400px\" \/><\/figure>\n\n\n\n<div class=\"wp-block-group has-global-padding is-layout-constrained wp-block-group-is-layout-constrained\">\n<p>Pozna\u0144, p\u0119tla Mi\u0142ostowo. Tego dnia odby\u0142 si\u0119 przejazd specjalny bez okazji, w kt\u00f3rym uczestniczy\u0142y 102Na 1, 13N 115 i 105N 194+193. Uczestniczy\u0142em w nim i ja, nie wiedz\u0105c jeszcze, \u017ce &#8222;imprezy&#8221; to nie dla mnie. 08.07.2001<\/p>\n<\/div>\n","protected":false},"excerpt":{"rendered":"<p>Pozna\u0144, p\u0119tla Mi\u0142ostowo. Tego dnia odby\u0142 si\u0119 przejazd specjalny bez okazji, w kt\u00f3rym uczestniczy\u0142y 102Na 1, 13N 115 i 105N 194+193. Uczestniczy\u0142em w nim i ja, nie wiedz\u0105c jeszcze, \u017ce &#8222;imprezy&#8221; to nie dla mnie. 08.07.2001<\/p>\n","protected":false},"author":1,"featured_media":20057,"comment_status":"open","ping_status":"","sticky":false,"template":"","format":"standard","meta":{"footnotes":""},"categories":[62,940,3],"tags":[4250,1846,236,27,235,893],"class_list":["post-20056","post","type-post","status-publish","format-standard","has-post-thumbnail","hentry","category-analog","category-rok-2001","category-tramwaj","tag-2001-07-08","tag-konstal-102n","tag-mpk-poznan","tag-polska","tag-poznan","tag-przejazd-specjalny"],"_links":{"self":[{"href":"https:\/\/wgphoto.pl\/t\/index.php?rest_route=\/wp\/v2\/posts\/20056","targetHints":{"allow":["GET"]}}],"collection":[{"href":"https:\/\/wgphoto.pl\/t\/index.php?rest_route=\/wp\/v2\/posts"}],"about":[{"href":"https:\/\/wgphoto.pl\/t\/index.php?rest_route=\/wp\/v2\/types\/post"}],"author":[{"embeddable":true,"href":"https:\/\/wgphoto.pl\/t\/index.php?rest_route=\/wp\/v2\/users\/1"}],"replies":[{"embeddable":true,"href":"https:\/\/wgphoto.pl\/t\/index.php?rest_route=%2Fwp%2Fv2%2Fcomments&post=20056"}],"version-history":[{"count":1,"href":"https:\/\/wgphoto.pl\/t\/index.php?rest_route=\/wp\/v2\/posts\/20056\/revisions"}],"predecessor-version":[{"id":20058,"href":"https:\/\/wgphoto.pl\/t\/index.php?rest_route=\/wp\/v2\/posts\/20056\/revisions\/20058"}],"wp:featuredmedia":[{"embeddable":true,"href":"https:\/\/wgphoto.pl\/t\/index.php?rest_route=\/wp\/v2\/media\/20057"}],"wp:attachment":[{"href":"https:\/\/wgphoto.pl\/t\/index.php?rest_route=%2Fwp%2Fv2%2Fmedia&parent=20056"}],"wp:term":[{"taxonomy":"category","embeddable":true,"href":"https:\/\/wgphoto.pl\/t\/index.php?rest_route=%2Fwp%2Fv2%2Fcategories&post=20056"},{"taxonomy":"post_tag","embeddable":true,"href":"https:\/\/wgphoto.pl\/t\/index.php?rest_route=%2Fwp%2Fv2%2Ftags&post=20056"}],"curies":[{"name":"wp","href":"https:\/\/api.w.org\/{rel}","templated":true}]}}