{"id":2006,"date":"2024-10-07T17:30:22","date_gmt":"2024-10-07T15:30:22","guid":{"rendered":"https:\/\/wgphoto.pl\/t\/?p=2006"},"modified":"2024-10-07T17:30:22","modified_gmt":"2024-10-07T15:30:22","slug":"z-widokiem-na-adriatyk","status":"publish","type":"post","link":"https:\/\/wgphoto.pl\/t\/?p=2006","title":{"rendered":"Z widokiem na Adriatyk"},"content":{"rendered":"\n<figure class=\"wp-block-image aligncenter size-full\"><img loading=\"lazy\" decoding=\"async\" width=\"700\" height=\"1057\" src=\"https:\/\/wgphoto.pl\/t\/wp-content\/uploads\/2024\/10\/IMGP1297.jpg\" alt=\"\" class=\"wp-image-2007\" srcset=\"https:\/\/wgphoto.pl\/t\/wp-content\/uploads\/2024\/10\/IMGP1297.jpg 700w, https:\/\/wgphoto.pl\/t\/wp-content\/uploads\/2024\/10\/IMGP1297-199x300.jpg 199w\" sizes=\"auto, (max-width: 700px) 100vw, 700px\" \/><\/figure>\n\n\n\n<div class=\"wp-block-group has-global-padding is-layout-constrained wp-block-group-is-layout-constrained\">\n<p>Triest, odcinek zaraz za skrzy\u017cowaniem z Via di Romagna. Wagon 406 jedzie w d\u00f3\u0142 i zaraz osi\u0105gnie punkt, w kt\u00f3rym d\u0142ugo\u015b\u0107 liny wyznacza mijank\u0119. 15.08.2015<\/p>\n<\/div>\n","protected":false},"excerpt":{"rendered":"<p>Triest, odcinek zaraz za skrzy\u017cowaniem z Via di Romagna. Wagon 406 jedzie w d\u00f3\u0142 i zaraz osi\u0105gnie punkt, w kt\u00f3rym d\u0142ugo\u015b\u0107 liny wyznacza mijank\u0119. 15.08.2015<\/p>\n","protected":false},"author":1,"featured_media":2007,"comment_status":"open","ping_status":"","sticky":false,"template":"","format":"standard","meta":{"footnotes":""},"categories":[128,104,3],"tags":[115,1046,173,116,111,1045,107,110],"class_list":["post-2006","post","type-post","status-publish","format-standard","has-post-thumbnail","hentry","category-pionowe","category-rok-2015","category-tramwaj","tag-2015-08-15","tag-funikular","tag-koncowki","tag-morze","tag-triest","tag-trieste-transporti","tag-wakacje-2015","tag-wlochy"],"_links":{"self":[{"href":"https:\/\/wgphoto.pl\/t\/index.php?rest_route=\/wp\/v2\/posts\/2006","targetHints":{"allow":["GET"]}}],"collection":[{"href":"https:\/\/wgphoto.pl\/t\/index.php?rest_route=\/wp\/v2\/posts"}],"about":[{"href":"https:\/\/wgphoto.pl\/t\/index.php?rest_route=\/wp\/v2\/types\/post"}],"author":[{"embeddable":true,"href":"https:\/\/wgphoto.pl\/t\/index.php?rest_route=\/wp\/v2\/users\/1"}],"replies":[{"embeddable":true,"href":"https:\/\/wgphoto.pl\/t\/index.php?rest_route=%2Fwp%2Fv2%2Fcomments&post=2006"}],"version-history":[{"count":1,"href":"https:\/\/wgphoto.pl\/t\/index.php?rest_route=\/wp\/v2\/posts\/2006\/revisions"}],"predecessor-version":[{"id":2008,"href":"https:\/\/wgphoto.pl\/t\/index.php?rest_route=\/wp\/v2\/posts\/2006\/revisions\/2008"}],"wp:featuredmedia":[{"embeddable":true,"href":"https:\/\/wgphoto.pl\/t\/index.php?rest_route=\/wp\/v2\/media\/2007"}],"wp:attachment":[{"href":"https:\/\/wgphoto.pl\/t\/index.php?rest_route=%2Fwp%2Fv2%2Fmedia&parent=2006"}],"wp:term":[{"taxonomy":"category","embeddable":true,"href":"https:\/\/wgphoto.pl\/t\/index.php?rest_route=%2Fwp%2Fv2%2Fcategories&post=2006"},{"taxonomy":"post_tag","embeddable":true,"href":"https:\/\/wgphoto.pl\/t\/index.php?rest_route=%2Fwp%2Fv2%2Ftags&post=2006"}],"curies":[{"name":"wp","href":"https:\/\/api.w.org\/{rel}","templated":true}]}}