{"id":20077,"date":"2025-07-09T17:57:30","date_gmt":"2025-07-09T15:57:30","guid":{"rendered":"https:\/\/wgphoto.pl\/t\/?p=20077"},"modified":"2025-07-09T17:57:30","modified_gmt":"2025-07-09T15:57:30","slug":"krakowski-dusseldorfer-w-poznaniu","status":"publish","type":"post","link":"https:\/\/wgphoto.pl\/t\/?p=20077","title":{"rendered":"Krakowski D\u00fcsseldorfer w Poznaniu"},"content":{"rendered":"\n<figure class=\"wp-block-image aligncenter size-full\"><img loading=\"lazy\" decoding=\"async\" width=\"1200\" height=\"900\" src=\"https:\/\/wgphoto.pl\/t\/wp-content\/uploads\/2025\/07\/IMGP4467.jpg\" alt=\"\" class=\"wp-image-20078\" srcset=\"https:\/\/wgphoto.pl\/t\/wp-content\/uploads\/2025\/07\/IMGP4467.jpg 1200w, https:\/\/wgphoto.pl\/t\/wp-content\/uploads\/2025\/07\/IMGP4467-300x225.jpg 300w, https:\/\/wgphoto.pl\/t\/wp-content\/uploads\/2025\/07\/IMGP4467-768x576.jpg 768w\" sizes=\"auto, (max-width: 1200px) 100vw, 1200px\" \/><\/figure>\n\n\n\n<div class=\"wp-block-group has-global-padding is-layout-constrained wp-block-group-is-layout-constrained\">\n<p>Pozna\u0144, Trasa K\u00f3rnicka. Krakowski D\u00fcwag GT8S 3059 (ex-Rheinbahn D\u00fcsseldorf) w go\u015bcinnych wyst\u0119pach. W tym okresie w Poznaniu funkcjonowa\u0142o jednocze\u015bnie kilka linii wahad\u0142owych, dlatego wypo\u017cyczono kilka dwukierunkowc\u00f3w z Krakowa. 05.10.2011<\/p>\n<\/div>\n","protected":false},"excerpt":{"rendered":"<p>Pozna\u0144, Trasa K\u00f3rnicka. Krakowski D\u00fcwag GT8S 3059 (ex-Rheinbahn D\u00fcsseldorf) w go\u015bcinnych wyst\u0119pach. W tym okresie w Poznaniu funkcjonowa\u0142o jednocze\u015bnie kilka linii wahad\u0142owych, dlatego wypo\u017cyczono kilka dwukierunkowc\u00f3w z Krakowa. 05.10.2011<\/p>\n","protected":false},"author":1,"featured_media":20078,"comment_status":"open","ping_status":"","sticky":false,"template":"","format":"standard","meta":{"footnotes":""},"categories":[77,3],"tags":[3069,238,126,663,27,235],"class_list":["post-20077","post","type-post","status-publish","format-standard","has-post-thumbnail","hentry","category-rok-2011","category-tramwaj","tag-2011-10-05","tag-gt8","tag-jesien","tag-mpk-krakow","tag-polska","tag-poznan"],"_links":{"self":[{"href":"https:\/\/wgphoto.pl\/t\/index.php?rest_route=\/wp\/v2\/posts\/20077","targetHints":{"allow":["GET"]}}],"collection":[{"href":"https:\/\/wgphoto.pl\/t\/index.php?rest_route=\/wp\/v2\/posts"}],"about":[{"href":"https:\/\/wgphoto.pl\/t\/index.php?rest_route=\/wp\/v2\/types\/post"}],"author":[{"embeddable":true,"href":"https:\/\/wgphoto.pl\/t\/index.php?rest_route=\/wp\/v2\/users\/1"}],"replies":[{"embeddable":true,"href":"https:\/\/wgphoto.pl\/t\/index.php?rest_route=%2Fwp%2Fv2%2Fcomments&post=20077"}],"version-history":[{"count":1,"href":"https:\/\/wgphoto.pl\/t\/index.php?rest_route=\/wp\/v2\/posts\/20077\/revisions"}],"predecessor-version":[{"id":20079,"href":"https:\/\/wgphoto.pl\/t\/index.php?rest_route=\/wp\/v2\/posts\/20077\/revisions\/20079"}],"wp:featuredmedia":[{"embeddable":true,"href":"https:\/\/wgphoto.pl\/t\/index.php?rest_route=\/wp\/v2\/media\/20078"}],"wp:attachment":[{"href":"https:\/\/wgphoto.pl\/t\/index.php?rest_route=%2Fwp%2Fv2%2Fmedia&parent=20077"}],"wp:term":[{"taxonomy":"category","embeddable":true,"href":"https:\/\/wgphoto.pl\/t\/index.php?rest_route=%2Fwp%2Fv2%2Fcategories&post=20077"},{"taxonomy":"post_tag","embeddable":true,"href":"https:\/\/wgphoto.pl\/t\/index.php?rest_route=%2Fwp%2Fv2%2Ftags&post=20077"}],"curies":[{"name":"wp","href":"https:\/\/api.w.org\/{rel}","templated":true}]}}