{"id":20086,"date":"2025-07-09T18:00:01","date_gmt":"2025-07-09T16:00:01","guid":{"rendered":"https:\/\/wgphoto.pl\/t\/?p=20086"},"modified":"2025-07-09T18:00:01","modified_gmt":"2025-07-09T16:00:01","slug":"40-lat-minelo","status":"publish","type":"post","link":"https:\/\/wgphoto.pl\/t\/?p=20086","title":{"rendered":"40 lat min\u0119\u0142o"},"content":{"rendered":"\n<figure class=\"wp-block-image aligncenter size-full\"><img loading=\"lazy\" decoding=\"async\" width=\"1300\" height=\"867\" src=\"https:\/\/wgphoto.pl\/t\/wp-content\/uploads\/2025\/07\/2001d-07_rsn.jpg\" alt=\"\" class=\"wp-image-20087\" srcset=\"https:\/\/wgphoto.pl\/t\/wp-content\/uploads\/2025\/07\/2001d-07_rsn.jpg 1300w, https:\/\/wgphoto.pl\/t\/wp-content\/uploads\/2025\/07\/2001d-07_rsn-300x200.jpg 300w, https:\/\/wgphoto.pl\/t\/wp-content\/uploads\/2025\/07\/2001d-07_rsn-768x512.jpg 768w\" sizes=\"auto, (max-width: 1300px) 100vw, 1300px\" \/><\/figure>\n\n\n\n<div class=\"wp-block-group has-global-padding is-layout-constrained wp-block-group-is-layout-constrained\">\n<p>G\u00f6rlitz, Heilige-Grab-Stra\u00dfe, KT4DC nr 2. Wczoraj (07.10.2023) min\u0119\u0142o 40 lat od wyjazdu pierwszej <em>kat\u00f3wki<\/em> na ulice G\u00f6rlitz, ale poniewa\u017c nie mam zdj\u0119cia wagonu nr 1, jako ilustracja niech pos\u0142u\u017cy wagon nr 2, kt\u00f3ry zadebiutowa\u0142 dopiero 13.11.1987. 14.02.2001<\/p>\n<\/div>\n","protected":false},"excerpt":{"rendered":"<p>G\u00f6rlitz, Heilige-Grab-Stra\u00dfe, KT4DC nr 2. Wczoraj (07.10.2023) min\u0119\u0142o 40 lat od wyjazdu pierwszej kat\u00f3wki na ulice G\u00f6rlitz, ale poniewa\u017c nie mam zdj\u0119cia wagonu nr 1, jako ilustracja niech pos\u0142u\u017cy wagon nr 2, kt\u00f3ry zadebiutowa\u0142 dopiero 13.11.1987. 14.02.2001<\/p>\n","protected":false},"author":1,"featured_media":20087,"comment_status":"open","ping_status":"","sticky":false,"template":"","format":"standard","meta":{"footnotes":""},"categories":[62,940,3],"tags":[4252,31,23,33,129],"class_list":["post-20086","post","type-post","status-publish","format-standard","has-post-thumbnail","hentry","category-analog","category-rok-2001","category-tramwaj","tag-2001-02-14","tag-gorlitz","tag-niemcy","tag-tatra-kt4","tag-vgg-gorlitz"],"_links":{"self":[{"href":"https:\/\/wgphoto.pl\/t\/index.php?rest_route=\/wp\/v2\/posts\/20086","targetHints":{"allow":["GET"]}}],"collection":[{"href":"https:\/\/wgphoto.pl\/t\/index.php?rest_route=\/wp\/v2\/posts"}],"about":[{"href":"https:\/\/wgphoto.pl\/t\/index.php?rest_route=\/wp\/v2\/types\/post"}],"author":[{"embeddable":true,"href":"https:\/\/wgphoto.pl\/t\/index.php?rest_route=\/wp\/v2\/users\/1"}],"replies":[{"embeddable":true,"href":"https:\/\/wgphoto.pl\/t\/index.php?rest_route=%2Fwp%2Fv2%2Fcomments&post=20086"}],"version-history":[{"count":1,"href":"https:\/\/wgphoto.pl\/t\/index.php?rest_route=\/wp\/v2\/posts\/20086\/revisions"}],"predecessor-version":[{"id":20088,"href":"https:\/\/wgphoto.pl\/t\/index.php?rest_route=\/wp\/v2\/posts\/20086\/revisions\/20088"}],"wp:featuredmedia":[{"embeddable":true,"href":"https:\/\/wgphoto.pl\/t\/index.php?rest_route=\/wp\/v2\/media\/20087"}],"wp:attachment":[{"href":"https:\/\/wgphoto.pl\/t\/index.php?rest_route=%2Fwp%2Fv2%2Fmedia&parent=20086"}],"wp:term":[{"taxonomy":"category","embeddable":true,"href":"https:\/\/wgphoto.pl\/t\/index.php?rest_route=%2Fwp%2Fv2%2Fcategories&post=20086"},{"taxonomy":"post_tag","embeddable":true,"href":"https:\/\/wgphoto.pl\/t\/index.php?rest_route=%2Fwp%2Fv2%2Ftags&post=20086"}],"curies":[{"name":"wp","href":"https:\/\/api.w.org\/{rel}","templated":true}]}}