{"id":2009,"date":"2024-10-07T17:31:34","date_gmt":"2024-10-07T15:31:34","guid":{"rendered":"https:\/\/wgphoto.pl\/t\/?p=2009"},"modified":"2024-10-07T17:31:34","modified_gmt":"2024-10-07T15:31:34","slug":"tramwaj-w-sieci","status":"publish","type":"post","link":"https:\/\/wgphoto.pl\/t\/?p=2009","title":{"rendered":"Tramwaj w sieci"},"content":{"rendered":"\n<figure class=\"wp-block-image aligncenter size-full\"><img loading=\"lazy\" decoding=\"async\" width=\"750\" height=\"1000\" src=\"https:\/\/wgphoto.pl\/t\/wp-content\/uploads\/2024\/10\/IMGP0304.jpg\" alt=\"\" class=\"wp-image-2010\" srcset=\"https:\/\/wgphoto.pl\/t\/wp-content\/uploads\/2024\/10\/IMGP0304.jpg 750w, https:\/\/wgphoto.pl\/t\/wp-content\/uploads\/2024\/10\/IMGP0304-225x300.jpg 225w\" sizes=\"auto, (max-width: 750px) 100vw, 750px\" \/><\/figure>\n\n\n\n<div class=\"wp-block-group has-global-padding is-layout-constrained wp-block-group-is-layout-constrained\">\n<p>Wroc\u0142aw, ul. Teatralna. Zestaw 105NWr 2522+2521 z wie\u017c\u0105 zak\u0142ad\u00f3w k\u0105pielowych po przek\u0105tnej kadru. 20.10.2012<\/p>\n<\/div>\n","protected":false},"excerpt":{"rendered":"<p>Wroc\u0142aw, ul. Teatralna. Zestaw 105NWr 2522+2521 z wie\u017c\u0105 zak\u0142ad\u00f3w k\u0105pielowych po przek\u0105tnej kadru. 20.10.2012<\/p>\n","protected":false},"author":1,"featured_media":2010,"comment_status":"open","ping_status":"","sticky":false,"template":"","format":"standard","meta":{"footnotes":""},"categories":[128,46,3],"tags":[43,1047,42,162,27,90,41],"class_list":["post-2009","post","type-post","status-publish","format-standard","has-post-thumbnail","hentry","category-pionowe","category-rok-2012","category-tramwaj","tag-105nwr","tag-2012-10-20","tag-mpk-wroclaw","tag-niebo","tag-polska","tag-wieczorem","tag-wroclaw"],"_links":{"self":[{"href":"https:\/\/wgphoto.pl\/t\/index.php?rest_route=\/wp\/v2\/posts\/2009","targetHints":{"allow":["GET"]}}],"collection":[{"href":"https:\/\/wgphoto.pl\/t\/index.php?rest_route=\/wp\/v2\/posts"}],"about":[{"href":"https:\/\/wgphoto.pl\/t\/index.php?rest_route=\/wp\/v2\/types\/post"}],"author":[{"embeddable":true,"href":"https:\/\/wgphoto.pl\/t\/index.php?rest_route=\/wp\/v2\/users\/1"}],"replies":[{"embeddable":true,"href":"https:\/\/wgphoto.pl\/t\/index.php?rest_route=%2Fwp%2Fv2%2Fcomments&post=2009"}],"version-history":[{"count":1,"href":"https:\/\/wgphoto.pl\/t\/index.php?rest_route=\/wp\/v2\/posts\/2009\/revisions"}],"predecessor-version":[{"id":2011,"href":"https:\/\/wgphoto.pl\/t\/index.php?rest_route=\/wp\/v2\/posts\/2009\/revisions\/2011"}],"wp:featuredmedia":[{"embeddable":true,"href":"https:\/\/wgphoto.pl\/t\/index.php?rest_route=\/wp\/v2\/media\/2010"}],"wp:attachment":[{"href":"https:\/\/wgphoto.pl\/t\/index.php?rest_route=%2Fwp%2Fv2%2Fmedia&parent=2009"}],"wp:term":[{"taxonomy":"category","embeddable":true,"href":"https:\/\/wgphoto.pl\/t\/index.php?rest_route=%2Fwp%2Fv2%2Fcategories&post=2009"},{"taxonomy":"post_tag","embeddable":true,"href":"https:\/\/wgphoto.pl\/t\/index.php?rest_route=%2Fwp%2Fv2%2Ftags&post=2009"}],"curies":[{"name":"wp","href":"https:\/\/api.w.org\/{rel}","templated":true}]}}