{"id":20110,"date":"2025-07-09T22:02:34","date_gmt":"2025-07-09T20:02:34","guid":{"rendered":"https:\/\/wgphoto.pl\/t\/?p=20110"},"modified":"2025-07-09T22:02:34","modified_gmt":"2025-07-09T20:02:34","slug":"do-pracy-sie-raczej-nie-pala","status":"publish","type":"post","link":"https:\/\/wgphoto.pl\/t\/?p=20110","title":{"rendered":"Do pracy si\u0119 raczej nie pal\u0105"},"content":{"rendered":"\n<figure class=\"wp-block-image aligncenter size-full\"><img loading=\"lazy\" decoding=\"async\" width=\"1300\" height=\"862\" src=\"https:\/\/wgphoto.pl\/t\/wp-content\/uploads\/2025\/07\/0319-11.jpg\" alt=\"\" class=\"wp-image-20111\" srcset=\"https:\/\/wgphoto.pl\/t\/wp-content\/uploads\/2025\/07\/0319-11.jpg 1300w, https:\/\/wgphoto.pl\/t\/wp-content\/uploads\/2025\/07\/0319-11-300x199.jpg 300w, https:\/\/wgphoto.pl\/t\/wp-content\/uploads\/2025\/07\/0319-11-768x509.jpg 768w\" sizes=\"auto, (max-width: 1300px) 100vw, 1300px\" \/><\/figure>\n\n\n\n<div class=\"wp-block-group has-global-padding is-layout-constrained wp-block-group-is-layout-constrained\">\n<p>ST44-846, SP42-169 i SP42-257 stoj\u0105 na terenie lokomotywowni w Skar\u017cysku-Kamiennej, raczej odstawione ni\u017c w oczekiwaniu na prac\u0119. 08.07.2003<\/p>\n<\/div>\n","protected":false},"excerpt":{"rendered":"<p>ST44-846, SP42-169 i SP42-257 stoj\u0105 na terenie lokomotywowni w Skar\u017cysku-Kamiennej, raczej odstawione ni\u017c w oczekiwaniu na prac\u0119. 08.07.2003<\/p>\n","protected":false},"author":1,"featured_media":20111,"comment_status":"open","ping_status":"","sticky":false,"template":"","format":"standard","meta":{"footnotes":""},"categories":[62,2,149],"tags":[949,359,63,27,948,316,530],"class_list":["post-20110","post","type-post","status-publish","format-standard","has-post-thumbnail","hentry","category-analog","category-kolej","category-rok-2003","tag-2003-07-08","tag-lokomotywownia","tag-pkp","tag-polska","tag-skarzysko-kamienna","tag-sp42","tag-st44"],"_links":{"self":[{"href":"https:\/\/wgphoto.pl\/t\/index.php?rest_route=\/wp\/v2\/posts\/20110","targetHints":{"allow":["GET"]}}],"collection":[{"href":"https:\/\/wgphoto.pl\/t\/index.php?rest_route=\/wp\/v2\/posts"}],"about":[{"href":"https:\/\/wgphoto.pl\/t\/index.php?rest_route=\/wp\/v2\/types\/post"}],"author":[{"embeddable":true,"href":"https:\/\/wgphoto.pl\/t\/index.php?rest_route=\/wp\/v2\/users\/1"}],"replies":[{"embeddable":true,"href":"https:\/\/wgphoto.pl\/t\/index.php?rest_route=%2Fwp%2Fv2%2Fcomments&post=20110"}],"version-history":[{"count":1,"href":"https:\/\/wgphoto.pl\/t\/index.php?rest_route=\/wp\/v2\/posts\/20110\/revisions"}],"predecessor-version":[{"id":20112,"href":"https:\/\/wgphoto.pl\/t\/index.php?rest_route=\/wp\/v2\/posts\/20110\/revisions\/20112"}],"wp:featuredmedia":[{"embeddable":true,"href":"https:\/\/wgphoto.pl\/t\/index.php?rest_route=\/wp\/v2\/media\/20111"}],"wp:attachment":[{"href":"https:\/\/wgphoto.pl\/t\/index.php?rest_route=%2Fwp%2Fv2%2Fmedia&parent=20110"}],"wp:term":[{"taxonomy":"category","embeddable":true,"href":"https:\/\/wgphoto.pl\/t\/index.php?rest_route=%2Fwp%2Fv2%2Fcategories&post=20110"},{"taxonomy":"post_tag","embeddable":true,"href":"https:\/\/wgphoto.pl\/t\/index.php?rest_route=%2Fwp%2Fv2%2Ftags&post=20110"}],"curies":[{"name":"wp","href":"https:\/\/api.w.org\/{rel}","templated":true}]}}