{"id":20113,"date":"2025-07-09T22:03:33","date_gmt":"2025-07-09T20:03:33","guid":{"rendered":"https:\/\/wgphoto.pl\/t\/?p=20113"},"modified":"2025-07-09T22:03:33","modified_gmt":"2025-07-09T20:03:33","slug":"duzo-niebieskiego","status":"publish","type":"post","link":"https:\/\/wgphoto.pl\/t\/?p=20113","title":{"rendered":"Du\u017co niebieskiego"},"content":{"rendered":"\n<figure class=\"wp-block-image aligncenter size-full\"><img loading=\"lazy\" decoding=\"async\" width=\"1300\" height=\"861\" src=\"https:\/\/wgphoto.pl\/t\/wp-content\/uploads\/2025\/07\/IMGP4762.jpg\" alt=\"\" class=\"wp-image-20114\" srcset=\"https:\/\/wgphoto.pl\/t\/wp-content\/uploads\/2025\/07\/IMGP4762.jpg 1300w, https:\/\/wgphoto.pl\/t\/wp-content\/uploads\/2025\/07\/IMGP4762-300x199.jpg 300w, https:\/\/wgphoto.pl\/t\/wp-content\/uploads\/2025\/07\/IMGP4762-768x509.jpg 768w\" sizes=\"auto, (max-width: 1300px) 100vw, 1300px\" \/><\/figure>\n\n\n\n<div class=\"wp-block-group has-global-padding is-layout-constrained wp-block-group-is-layout-constrained\">\n<p>Sztokholm, stacja T-Centralen na linii niebieskiej, cho\u0107 to akurat przypadek, \u017ce barwy podziemi s\u0105 to\u017csame, gdy\u017c wystr\u00f3j stacji jest randomowy. Na ko\u0144cu poci\u0105gu linii 11 znajduje si\u0119 jednostka C20 nr 2160. 26.09.2021<\/p>\n<\/div>\n","protected":false},"excerpt":{"rendered":"<p>Sztokholm, stacja T-Centralen na linii niebieskiej, cho\u0107 to akurat przypadek, \u017ce barwy podziemi s\u0105 to\u017csame, gdy\u017c wystr\u00f3j stacji jest randomowy. Na ko\u0144cu poci\u0105gu linii 11 znajduje si\u0119 jednostka C20 nr 2160. 26.09.2021<\/p>\n","protected":false},"author":1,"featured_media":20114,"comment_status":"open","ping_status":"","sticky":false,"template":"","format":"standard","meta":{"footnotes":""},"categories":[4,681],"tags":[2117,1129,173,682,1127,686,685,687,15],"class_list":["post-20113","post","type-post","status-publish","format-standard","has-post-thumbnail","hentry","category-metro","category-rok-2021","tag-2021-09-26","tag-c20","tag-koncowki","tag-sl-stockholm","tag-stockholms-tunnelbana","tag-sztokholm","tag-szwecja","tag-szwecja-2021","tag-tunel"],"_links":{"self":[{"href":"https:\/\/wgphoto.pl\/t\/index.php?rest_route=\/wp\/v2\/posts\/20113","targetHints":{"allow":["GET"]}}],"collection":[{"href":"https:\/\/wgphoto.pl\/t\/index.php?rest_route=\/wp\/v2\/posts"}],"about":[{"href":"https:\/\/wgphoto.pl\/t\/index.php?rest_route=\/wp\/v2\/types\/post"}],"author":[{"embeddable":true,"href":"https:\/\/wgphoto.pl\/t\/index.php?rest_route=\/wp\/v2\/users\/1"}],"replies":[{"embeddable":true,"href":"https:\/\/wgphoto.pl\/t\/index.php?rest_route=%2Fwp%2Fv2%2Fcomments&post=20113"}],"version-history":[{"count":1,"href":"https:\/\/wgphoto.pl\/t\/index.php?rest_route=\/wp\/v2\/posts\/20113\/revisions"}],"predecessor-version":[{"id":20115,"href":"https:\/\/wgphoto.pl\/t\/index.php?rest_route=\/wp\/v2\/posts\/20113\/revisions\/20115"}],"wp:featuredmedia":[{"embeddable":true,"href":"https:\/\/wgphoto.pl\/t\/index.php?rest_route=\/wp\/v2\/media\/20114"}],"wp:attachment":[{"href":"https:\/\/wgphoto.pl\/t\/index.php?rest_route=%2Fwp%2Fv2%2Fmedia&parent=20113"}],"wp:term":[{"taxonomy":"category","embeddable":true,"href":"https:\/\/wgphoto.pl\/t\/index.php?rest_route=%2Fwp%2Fv2%2Fcategories&post=20113"},{"taxonomy":"post_tag","embeddable":true,"href":"https:\/\/wgphoto.pl\/t\/index.php?rest_route=%2Fwp%2Fv2%2Ftags&post=20113"}],"curies":[{"name":"wp","href":"https:\/\/api.w.org\/{rel}","templated":true}]}}