{"id":20128,"date":"2025-07-09T22:08:09","date_gmt":"2025-07-09T20:08:09","guid":{"rendered":"https:\/\/wgphoto.pl\/t\/?p=20128"},"modified":"2025-07-09T22:08:09","modified_gmt":"2025-07-09T20:08:09","slug":"przyjazd","status":"publish","type":"post","link":"https:\/\/wgphoto.pl\/t\/?p=20128","title":{"rendered":"Przyjazd"},"content":{"rendered":"\n<figure class=\"wp-block-image aligncenter size-full\"><img loading=\"lazy\" decoding=\"async\" width=\"1300\" height=\"861\" src=\"https:\/\/wgphoto.pl\/t\/wp-content\/uploads\/2025\/07\/IMGP0034-1.jpg\" alt=\"\" class=\"wp-image-20129\" srcset=\"https:\/\/wgphoto.pl\/t\/wp-content\/uploads\/2025\/07\/IMGP0034-1.jpg 1300w, https:\/\/wgphoto.pl\/t\/wp-content\/uploads\/2025\/07\/IMGP0034-1-300x199.jpg 300w, https:\/\/wgphoto.pl\/t\/wp-content\/uploads\/2025\/07\/IMGP0034-1-768x509.jpg 768w\" sizes=\"auto, (max-width: 1300px) 100vw, 1300px\" \/><\/figure>\n\n\n\n<div class=\"wp-block-group has-global-padding is-layout-constrained wp-block-group-is-layout-constrained\">\n<p>813.007 jako poci\u0105g osobowy 5429 kr\u00f3tkiej relacji Horn\u00e9 Srnie &#8211; Tren\u010dianska Tepl\u00e1 (8 km i 10 min jazdy) zatrzymuje si\u0119 w Nem\u0161ovej. W dni robocze wykonywane by\u0142o 11 par kurs\u00f3w na tej trasie, w dni wolne 6 par. Niegdy\u015b wiod\u0142o t\u0119dy jedno z kilku po\u0142\u0105cze\u0144 S\u0142owacji z Czechami, prowadz\u0105ce naturalnie do Brna. Jeszcze niedawno kursowa\u0142y t\u0119dy w pi\u0105tki i niedziele bezpo\u015brednie poci\u0105gi przyspieszone \u0142\u0105cz\u0105ce Brno z Trenczynem, obecnie jednak r\u00f3wnie s\u0142ab\u0105 ofert\u0119 transgraniczn\u0105 zapewnia po jednej parze lokalnych poci\u0105g\u00f3w do Vl\u00e1rsk\u00e9ho pr\u016fsmyku (to stacja le\u017c\u0105ca niemal dok\u0142adnie na granicy CZ\/SK), r\u00f3wnie\u017c tylko w pi\u0105tki i niedziele. 13.10.2022<\/p>\n<\/div>\n","protected":false},"excerpt":{"rendered":"<p>813.007 jako poci\u0105g osobowy 5429 kr\u00f3tkiej relacji Horn\u00e9 Srnie &#8211; Tren\u010dianska Tepl\u00e1 (8 km i 10 min jazdy) zatrzymuje si\u0119 w Nem\u0161ovej. W dni robocze wykonywane by\u0142o 11 par kurs\u00f3w na tej trasie, w dni wolne 6 par. Niegdy\u015b wiod\u0142o t\u0119dy jedno z kilku po\u0142\u0105cze\u0144 S\u0142owacji z Czechami, prowadz\u0105ce naturalnie do Brna. Jeszcze niedawno kursowa\u0142y [&hellip;]<\/p>\n","protected":false},"author":1,"featured_media":20129,"comment_status":"open","ping_status":"","sticky":false,"template":"","format":"standard","meta":{"footnotes":""},"categories":[2,669],"tags":[3997,2961,91,4255,675,753,469],"class_list":["post-20128","post","type-post","status-publish","format-standard","has-post-thumbnail","hentry","category-kolej","category-rok-2022","tag-2022-10-13","tag-2961","tag-blue-hour","tag-nemsova","tag-slowacja","tag-slowacka-jesien-2022","tag-zssk"],"_links":{"self":[{"href":"https:\/\/wgphoto.pl\/t\/index.php?rest_route=\/wp\/v2\/posts\/20128","targetHints":{"allow":["GET"]}}],"collection":[{"href":"https:\/\/wgphoto.pl\/t\/index.php?rest_route=\/wp\/v2\/posts"}],"about":[{"href":"https:\/\/wgphoto.pl\/t\/index.php?rest_route=\/wp\/v2\/types\/post"}],"author":[{"embeddable":true,"href":"https:\/\/wgphoto.pl\/t\/index.php?rest_route=\/wp\/v2\/users\/1"}],"replies":[{"embeddable":true,"href":"https:\/\/wgphoto.pl\/t\/index.php?rest_route=%2Fwp%2Fv2%2Fcomments&post=20128"}],"version-history":[{"count":1,"href":"https:\/\/wgphoto.pl\/t\/index.php?rest_route=\/wp\/v2\/posts\/20128\/revisions"}],"predecessor-version":[{"id":20130,"href":"https:\/\/wgphoto.pl\/t\/index.php?rest_route=\/wp\/v2\/posts\/20128\/revisions\/20130"}],"wp:featuredmedia":[{"embeddable":true,"href":"https:\/\/wgphoto.pl\/t\/index.php?rest_route=\/wp\/v2\/media\/20129"}],"wp:attachment":[{"href":"https:\/\/wgphoto.pl\/t\/index.php?rest_route=%2Fwp%2Fv2%2Fmedia&parent=20128"}],"wp:term":[{"taxonomy":"category","embeddable":true,"href":"https:\/\/wgphoto.pl\/t\/index.php?rest_route=%2Fwp%2Fv2%2Fcategories&post=20128"},{"taxonomy":"post_tag","embeddable":true,"href":"https:\/\/wgphoto.pl\/t\/index.php?rest_route=%2Fwp%2Fv2%2Ftags&post=20128"}],"curies":[{"name":"wp","href":"https:\/\/api.w.org\/{rel}","templated":true}]}}