{"id":20131,"date":"2025-07-09T22:08:56","date_gmt":"2025-07-09T20:08:56","guid":{"rendered":"https:\/\/wgphoto.pl\/t\/?p=20131"},"modified":"2025-07-09T22:08:56","modified_gmt":"2025-07-09T20:08:56","slug":"odjazd-4","status":"publish","type":"post","link":"https:\/\/wgphoto.pl\/t\/?p=20131","title":{"rendered":"Odjazd"},"content":{"rendered":"\n<figure class=\"wp-block-image aligncenter size-full\"><img loading=\"lazy\" decoding=\"async\" width=\"1200\" height=\"900\" src=\"https:\/\/wgphoto.pl\/t\/wp-content\/uploads\/2025\/07\/IMGP0036-1.jpg\" alt=\"\" class=\"wp-image-20132\" srcset=\"https:\/\/wgphoto.pl\/t\/wp-content\/uploads\/2025\/07\/IMGP0036-1.jpg 1200w, https:\/\/wgphoto.pl\/t\/wp-content\/uploads\/2025\/07\/IMGP0036-1-300x225.jpg 300w, https:\/\/wgphoto.pl\/t\/wp-content\/uploads\/2025\/07\/IMGP0036-1-768x576.jpg 768w\" sizes=\"auto, (max-width: 1200px) 100vw, 1200px\" \/><\/figure>\n\n\n\n<div class=\"wp-block-group has-global-padding is-layout-constrained wp-block-group-is-layout-constrained\">\n<p>813.007 jako poci\u0105g osobowy 5429 relacji Horn\u00e9 Srnie &#8211; Tren\u010dianska Tepl\u00e1 odje\u017cd\u017ca z Nem\u0161ovej. 13.10.2022<\/p>\n<\/div>\n","protected":false},"excerpt":{"rendered":"<p>813.007 jako poci\u0105g osobowy 5429 relacji Horn\u00e9 Srnie &#8211; Tren\u010dianska Tepl\u00e1 odje\u017cd\u017ca z Nem\u0161ovej. 13.10.2022<\/p>\n","protected":false},"author":1,"featured_media":20132,"comment_status":"open","ping_status":"","sticky":false,"template":"","format":"standard","meta":{"footnotes":""},"categories":[2,669],"tags":[3997,2961,91,173,4255,675,753,469],"class_list":["post-20131","post","type-post","status-publish","format-standard","has-post-thumbnail","hentry","category-kolej","category-rok-2022","tag-2022-10-13","tag-2961","tag-blue-hour","tag-koncowki","tag-nemsova","tag-slowacja","tag-slowacka-jesien-2022","tag-zssk"],"_links":{"self":[{"href":"https:\/\/wgphoto.pl\/t\/index.php?rest_route=\/wp\/v2\/posts\/20131","targetHints":{"allow":["GET"]}}],"collection":[{"href":"https:\/\/wgphoto.pl\/t\/index.php?rest_route=\/wp\/v2\/posts"}],"about":[{"href":"https:\/\/wgphoto.pl\/t\/index.php?rest_route=\/wp\/v2\/types\/post"}],"author":[{"embeddable":true,"href":"https:\/\/wgphoto.pl\/t\/index.php?rest_route=\/wp\/v2\/users\/1"}],"replies":[{"embeddable":true,"href":"https:\/\/wgphoto.pl\/t\/index.php?rest_route=%2Fwp%2Fv2%2Fcomments&post=20131"}],"version-history":[{"count":1,"href":"https:\/\/wgphoto.pl\/t\/index.php?rest_route=\/wp\/v2\/posts\/20131\/revisions"}],"predecessor-version":[{"id":20133,"href":"https:\/\/wgphoto.pl\/t\/index.php?rest_route=\/wp\/v2\/posts\/20131\/revisions\/20133"}],"wp:featuredmedia":[{"embeddable":true,"href":"https:\/\/wgphoto.pl\/t\/index.php?rest_route=\/wp\/v2\/media\/20132"}],"wp:attachment":[{"href":"https:\/\/wgphoto.pl\/t\/index.php?rest_route=%2Fwp%2Fv2%2Fmedia&parent=20131"}],"wp:term":[{"taxonomy":"category","embeddable":true,"href":"https:\/\/wgphoto.pl\/t\/index.php?rest_route=%2Fwp%2Fv2%2Fcategories&post=20131"},{"taxonomy":"post_tag","embeddable":true,"href":"https:\/\/wgphoto.pl\/t\/index.php?rest_route=%2Fwp%2Fv2%2Ftags&post=20131"}],"curies":[{"name":"wp","href":"https:\/\/api.w.org\/{rel}","templated":true}]}}