{"id":20194,"date":"2025-07-10T22:50:48","date_gmt":"2025-07-10T20:50:48","guid":{"rendered":"https:\/\/wgphoto.pl\/t\/?p=20194"},"modified":"2025-07-10T22:50:48","modified_gmt":"2025-07-10T20:50:48","slug":"tramwaj-czai-sie-za-rogiem","status":"publish","type":"post","link":"https:\/\/wgphoto.pl\/t\/?p=20194","title":{"rendered":"Tramwaj czai si\u0119 za rogiem"},"content":{"rendered":"\n<figure class=\"wp-block-image aligncenter size-full\"><img loading=\"lazy\" decoding=\"async\" width=\"1300\" height=\"867\" src=\"https:\/\/wgphoto.pl\/t\/wp-content\/uploads\/2025\/07\/0429-23_rsn.jpg\" alt=\"\" class=\"wp-image-20195\" srcset=\"https:\/\/wgphoto.pl\/t\/wp-content\/uploads\/2025\/07\/0429-23_rsn.jpg 1300w, https:\/\/wgphoto.pl\/t\/wp-content\/uploads\/2025\/07\/0429-23_rsn-300x200.jpg 300w, https:\/\/wgphoto.pl\/t\/wp-content\/uploads\/2025\/07\/0429-23_rsn-768x512.jpg 768w\" sizes=\"auto, (max-width: 1300px) 100vw, 1300px\" \/><\/figure>\n\n\n\n<div class=\"wp-block-group has-global-padding is-layout-constrained wp-block-group-is-layout-constrained\">\n<p>102Na 2028 skr\u0119ca nieu\u017cywanym na co dzie\u0144 \u0142ukiem z ul. Henryka Sienkiewicza w Piastowsk\u0105, we Wroc\u0142awiu oczywi\u015bcie. 01.11.2004<\/p>\n<\/div>\n","protected":false},"excerpt":{"rendered":"<p>102Na 2028 skr\u0119ca nieu\u017cywanym na co dzie\u0144 \u0142ukiem z ul. Henryka Sienkiewicza w Piastowsk\u0105, we Wroc\u0142awiu oczywi\u015bcie. 01.11.2004<\/p>\n","protected":false},"author":1,"featured_media":20195,"comment_status":"open","ping_status":"","sticky":false,"template":"","format":"standard","meta":{"footnotes":""},"categories":[62,61,3],"tags":[2626,309,42,27,41,127],"class_list":["post-20194","post","type-post","status-publish","format-standard","has-post-thumbnail","hentry","category-analog","category-rok-2004","category-tramwaj","tag-2004-11-01","tag-konstal-102na","tag-mpk-wroclaw","tag-polska","tag-wroclaw","tag-wroclawskie-e"],"_links":{"self":[{"href":"https:\/\/wgphoto.pl\/t\/index.php?rest_route=\/wp\/v2\/posts\/20194","targetHints":{"allow":["GET"]}}],"collection":[{"href":"https:\/\/wgphoto.pl\/t\/index.php?rest_route=\/wp\/v2\/posts"}],"about":[{"href":"https:\/\/wgphoto.pl\/t\/index.php?rest_route=\/wp\/v2\/types\/post"}],"author":[{"embeddable":true,"href":"https:\/\/wgphoto.pl\/t\/index.php?rest_route=\/wp\/v2\/users\/1"}],"replies":[{"embeddable":true,"href":"https:\/\/wgphoto.pl\/t\/index.php?rest_route=%2Fwp%2Fv2%2Fcomments&post=20194"}],"version-history":[{"count":1,"href":"https:\/\/wgphoto.pl\/t\/index.php?rest_route=\/wp\/v2\/posts\/20194\/revisions"}],"predecessor-version":[{"id":20196,"href":"https:\/\/wgphoto.pl\/t\/index.php?rest_route=\/wp\/v2\/posts\/20194\/revisions\/20196"}],"wp:featuredmedia":[{"embeddable":true,"href":"https:\/\/wgphoto.pl\/t\/index.php?rest_route=\/wp\/v2\/media\/20195"}],"wp:attachment":[{"href":"https:\/\/wgphoto.pl\/t\/index.php?rest_route=%2Fwp%2Fv2%2Fmedia&parent=20194"}],"wp:term":[{"taxonomy":"category","embeddable":true,"href":"https:\/\/wgphoto.pl\/t\/index.php?rest_route=%2Fwp%2Fv2%2Fcategories&post=20194"},{"taxonomy":"post_tag","embeddable":true,"href":"https:\/\/wgphoto.pl\/t\/index.php?rest_route=%2Fwp%2Fv2%2Ftags&post=20194"}],"curies":[{"name":"wp","href":"https:\/\/api.w.org\/{rel}","templated":true}]}}