{"id":20200,"date":"2025-07-10T22:53:03","date_gmt":"2025-07-10T20:53:03","guid":{"rendered":"https:\/\/wgphoto.pl\/t\/?p=20200"},"modified":"2025-07-10T22:53:03","modified_gmt":"2025-07-10T20:53:03","slug":"gamma-pod-ksiezycem","status":"publish","type":"post","link":"https:\/\/wgphoto.pl\/t\/?p=20200","title":{"rendered":"Gamma pod ksi\u0119\u017cycem"},"content":{"rendered":"\n<figure class=\"wp-block-image aligncenter size-full\"><img loading=\"lazy\" decoding=\"async\" width=\"800\" height=\"1000\" src=\"https:\/\/wgphoto.pl\/t\/wp-content\/uploads\/2025\/07\/IMGP0402.jpg\" alt=\"\" class=\"wp-image-20201\" srcset=\"https:\/\/wgphoto.pl\/t\/wp-content\/uploads\/2025\/07\/IMGP0402.jpg 800w, https:\/\/wgphoto.pl\/t\/wp-content\/uploads\/2025\/07\/IMGP0402-240x300.jpg 240w, https:\/\/wgphoto.pl\/t\/wp-content\/uploads\/2025\/07\/IMGP0402-768x960.jpg 768w\" sizes=\"auto, (max-width: 800px) 100vw, 800px\" \/><\/figure>\n\n\n\n<div class=\"wp-block-group has-global-padding is-layout-constrained wp-block-group-is-layout-constrained\">\n<p>Wroc\u0142aw, most Osobowicki, Moderus Gamma LF07AC 3304 jedzie o zmierzchu na Osobowice. Foto technicznie niedomaga, kadr tak\u017ce nie powala, ale i tak uzna\u0142em ca\u0142okszta\u0142t za warty uwagi. 30.10.2022<\/p>\n<\/div>\n","protected":false},"excerpt":{"rendered":"<p>Wroc\u0142aw, most Osobowicki, Moderus Gamma LF07AC 3304 jedzie o zmierzchu na Osobowice. Foto technicznie niedomaga, kadr tak\u017ce nie powala, ale i tak uzna\u0142em ca\u0142okszta\u0142t za warty uwagi. 30.10.2022<\/p>\n","protected":false},"author":1,"featured_media":20201,"comment_status":"open","ping_status":"","sticky":false,"template":"","format":"standard","meta":{"footnotes":""},"categories":[128,669,3],"tags":[4266,91,2859,240,42,27,41,127],"class_list":["post-20200","post","type-post","status-publish","format-standard","has-post-thumbnail","hentry","category-pionowe","category-rok-2022","category-tramwaj","tag-2022-10-30","tag-blue-hour","tag-ksiezyc","tag-moderus-gamma","tag-mpk-wroclaw","tag-polska","tag-wroclaw","tag-wroclawskie-e"],"_links":{"self":[{"href":"https:\/\/wgphoto.pl\/t\/index.php?rest_route=\/wp\/v2\/posts\/20200","targetHints":{"allow":["GET"]}}],"collection":[{"href":"https:\/\/wgphoto.pl\/t\/index.php?rest_route=\/wp\/v2\/posts"}],"about":[{"href":"https:\/\/wgphoto.pl\/t\/index.php?rest_route=\/wp\/v2\/types\/post"}],"author":[{"embeddable":true,"href":"https:\/\/wgphoto.pl\/t\/index.php?rest_route=\/wp\/v2\/users\/1"}],"replies":[{"embeddable":true,"href":"https:\/\/wgphoto.pl\/t\/index.php?rest_route=%2Fwp%2Fv2%2Fcomments&post=20200"}],"version-history":[{"count":1,"href":"https:\/\/wgphoto.pl\/t\/index.php?rest_route=\/wp\/v2\/posts\/20200\/revisions"}],"predecessor-version":[{"id":20202,"href":"https:\/\/wgphoto.pl\/t\/index.php?rest_route=\/wp\/v2\/posts\/20200\/revisions\/20202"}],"wp:featuredmedia":[{"embeddable":true,"href":"https:\/\/wgphoto.pl\/t\/index.php?rest_route=\/wp\/v2\/media\/20201"}],"wp:attachment":[{"href":"https:\/\/wgphoto.pl\/t\/index.php?rest_route=%2Fwp%2Fv2%2Fmedia&parent=20200"}],"wp:term":[{"taxonomy":"category","embeddable":true,"href":"https:\/\/wgphoto.pl\/t\/index.php?rest_route=%2Fwp%2Fv2%2Fcategories&post=20200"},{"taxonomy":"post_tag","embeddable":true,"href":"https:\/\/wgphoto.pl\/t\/index.php?rest_route=%2Fwp%2Fv2%2Ftags&post=20200"}],"curies":[{"name":"wp","href":"https:\/\/api.w.org\/{rel}","templated":true}]}}