{"id":20203,"date":"2025-07-10T22:54:46","date_gmt":"2025-07-10T20:54:46","guid":{"rendered":"https:\/\/wgphoto.pl\/t\/?p=20203"},"modified":"2025-07-10T22:54:46","modified_gmt":"2025-07-10T20:54:46","slug":"helmut-w-zgierzu","status":"publish","type":"post","link":"https:\/\/wgphoto.pl\/t\/?p=20203","title":{"rendered":"Helmut w Zgierzu"},"content":{"rendered":"\n<figure class=\"wp-block-image aligncenter size-full\"><img loading=\"lazy\" decoding=\"async\" width=\"1300\" height=\"861\" src=\"https:\/\/wgphoto.pl\/t\/wp-content\/uploads\/2025\/07\/IMGP8354.jpg\" alt=\"\" class=\"wp-image-20204\" srcset=\"https:\/\/wgphoto.pl\/t\/wp-content\/uploads\/2025\/07\/IMGP8354.jpg 1300w, https:\/\/wgphoto.pl\/t\/wp-content\/uploads\/2025\/07\/IMGP8354-300x199.jpg 300w, https:\/\/wgphoto.pl\/t\/wp-content\/uploads\/2025\/07\/IMGP8354-768x509.jpg 768w\" sizes=\"auto, (max-width: 1300px) 100vw, 1300px\" \/><\/figure>\n\n\n\n<div class=\"wp-block-group has-global-padding is-layout-constrained wp-block-group-is-layout-constrained\">\n<p>Zgierz, pl. Kili\u0144skiego. GT8N 1521 (ex-Helsinki, a wcze\u015bniej Mannheim) z 1964 roku czeka na odjazd z p\u0119tli jedynej w\u00f3wczas czynnej podmiejskiej trasy wybiegaj\u0105cej z \u0141odzi. Dzi\u015b (wrzutka z 03.11.2023) przypada ostatni dzie\u0144 liniowej eksploatacji tych wagon\u00f3w. 16.08.2022<\/p>\n<\/div>\n","protected":false},"excerpt":{"rendered":"<p>Zgierz, pl. Kili\u0144skiego. GT8N 1521 (ex-Helsinki, a wcze\u015bniej Mannheim) z 1964 roku czeka na odjazd z p\u0119tli jedynej w\u00f3wczas czynnej podmiejskiej trasy wybiegaj\u0105cej z \u0141odzi. Dzi\u015b (wrzutka z 03.11.2023) przypada ostatni dzie\u0144 liniowej eksploatacji tych wagon\u00f3w. 16.08.2022<\/p>\n","protected":false},"author":1,"featured_media":20204,"comment_status":"open","ping_status":"","sticky":false,"template":"","format":"standard","meta":{"footnotes":""},"categories":[669,3],"tags":[4267,238,771,776,27,561,2819],"class_list":["post-20203","post","type-post","status-publish","format-standard","has-post-thumbnail","hentry","category-rok-2022","category-tramwaj","tag-2022-08-16","tag-gt8","tag-lodz-linie-podmiejskie","tag-mpk-lodz","tag-polska","tag-tramwaj-podmiejski","tag-zgierz"],"_links":{"self":[{"href":"https:\/\/wgphoto.pl\/t\/index.php?rest_route=\/wp\/v2\/posts\/20203","targetHints":{"allow":["GET"]}}],"collection":[{"href":"https:\/\/wgphoto.pl\/t\/index.php?rest_route=\/wp\/v2\/posts"}],"about":[{"href":"https:\/\/wgphoto.pl\/t\/index.php?rest_route=\/wp\/v2\/types\/post"}],"author":[{"embeddable":true,"href":"https:\/\/wgphoto.pl\/t\/index.php?rest_route=\/wp\/v2\/users\/1"}],"replies":[{"embeddable":true,"href":"https:\/\/wgphoto.pl\/t\/index.php?rest_route=%2Fwp%2Fv2%2Fcomments&post=20203"}],"version-history":[{"count":1,"href":"https:\/\/wgphoto.pl\/t\/index.php?rest_route=\/wp\/v2\/posts\/20203\/revisions"}],"predecessor-version":[{"id":20205,"href":"https:\/\/wgphoto.pl\/t\/index.php?rest_route=\/wp\/v2\/posts\/20203\/revisions\/20205"}],"wp:featuredmedia":[{"embeddable":true,"href":"https:\/\/wgphoto.pl\/t\/index.php?rest_route=\/wp\/v2\/media\/20204"}],"wp:attachment":[{"href":"https:\/\/wgphoto.pl\/t\/index.php?rest_route=%2Fwp%2Fv2%2Fmedia&parent=20203"}],"wp:term":[{"taxonomy":"category","embeddable":true,"href":"https:\/\/wgphoto.pl\/t\/index.php?rest_route=%2Fwp%2Fv2%2Fcategories&post=20203"},{"taxonomy":"post_tag","embeddable":true,"href":"https:\/\/wgphoto.pl\/t\/index.php?rest_route=%2Fwp%2Fv2%2Ftags&post=20203"}],"curies":[{"name":"wp","href":"https:\/\/api.w.org\/{rel}","templated":true}]}}