{"id":20227,"date":"2025-07-10T23:02:25","date_gmt":"2025-07-10T21:02:25","guid":{"rendered":"https:\/\/wgphoto.pl\/t\/?p=20227"},"modified":"2025-07-10T23:02:25","modified_gmt":"2025-07-10T21:02:25","slug":"severka","status":"publish","type":"post","link":"https:\/\/wgphoto.pl\/t\/?p=20227","title":{"rendered":"Severka"},"content":{"rendered":"\n<figure class=\"wp-block-image aligncenter size-full\"><img loading=\"lazy\" decoding=\"async\" width=\"1300\" height=\"867\" src=\"https:\/\/wgphoto.pl\/t\/wp-content\/uploads\/2025\/07\/0813-27.jpg\" alt=\"\" class=\"wp-image-20228\" srcset=\"https:\/\/wgphoto.pl\/t\/wp-content\/uploads\/2025\/07\/0813-27.jpg 1300w, https:\/\/wgphoto.pl\/t\/wp-content\/uploads\/2025\/07\/0813-27-300x200.jpg 300w, https:\/\/wgphoto.pl\/t\/wp-content\/uploads\/2025\/07\/0813-27-768x512.jpg 768w\" sizes=\"auto, (max-width: 1300px) 100vw, 1300px\" \/><\/figure>\n\n\n\n<div class=\"wp-block-group has-global-padding is-layout-constrained wp-block-group-is-layout-constrained\">\n<p>Pilzno, Gersk\u00e1 ul. Sk\u0142ad T3R.P 208+245 jedzie \u015brodkiem &#8222;autostrady&#8221; przez osiedle Ko\u0161utka. Pasa\u017cerowie maj\u0105 co prawda do dyspozycji cz\u0119sto kursuj\u0105cy tramwaj, ale droga doj\u015bcia do przystanku do najkr\u00f3tszych nie nale\u017cy. 11.09.2008<\/p>\n<\/div>\n","protected":false},"excerpt":{"rendered":"<p>Pilzno, Gersk\u00e1 ul. Sk\u0142ad T3R.P 208+245 jedzie \u015brodkiem &#8222;autostrady&#8221; przez osiedle Ko\u0161utka. Pasa\u017cerowie maj\u0105 co prawda do dyspozycji cz\u0119sto kursuj\u0105cy tramwaj, ale droga doj\u015bcia do przystanku do najkr\u00f3tszych nie nale\u017cy. 11.09.2008<\/p>\n","protected":false},"author":1,"featured_media":20228,"comment_status":"open","ping_status":"","sticky":false,"template":"","format":"standard","meta":{"footnotes":""},"categories":[62,120,3],"tags":[715,49,1674,1675,219,1011],"class_list":["post-20227","post","type-post","status-publish","format-standard","has-post-thumbnail","hentry","category-analog","category-rok-2008","category-tramwaj","tag-2008-09-11","tag-czechy","tag-dp-plzen","tag-pilzno","tag-przystanek","tag-tatra-t3"],"_links":{"self":[{"href":"https:\/\/wgphoto.pl\/t\/index.php?rest_route=\/wp\/v2\/posts\/20227","targetHints":{"allow":["GET"]}}],"collection":[{"href":"https:\/\/wgphoto.pl\/t\/index.php?rest_route=\/wp\/v2\/posts"}],"about":[{"href":"https:\/\/wgphoto.pl\/t\/index.php?rest_route=\/wp\/v2\/types\/post"}],"author":[{"embeddable":true,"href":"https:\/\/wgphoto.pl\/t\/index.php?rest_route=\/wp\/v2\/users\/1"}],"replies":[{"embeddable":true,"href":"https:\/\/wgphoto.pl\/t\/index.php?rest_route=%2Fwp%2Fv2%2Fcomments&post=20227"}],"version-history":[{"count":1,"href":"https:\/\/wgphoto.pl\/t\/index.php?rest_route=\/wp\/v2\/posts\/20227\/revisions"}],"predecessor-version":[{"id":20229,"href":"https:\/\/wgphoto.pl\/t\/index.php?rest_route=\/wp\/v2\/posts\/20227\/revisions\/20229"}],"wp:featuredmedia":[{"embeddable":true,"href":"https:\/\/wgphoto.pl\/t\/index.php?rest_route=\/wp\/v2\/media\/20228"}],"wp:attachment":[{"href":"https:\/\/wgphoto.pl\/t\/index.php?rest_route=%2Fwp%2Fv2%2Fmedia&parent=20227"}],"wp:term":[{"taxonomy":"category","embeddable":true,"href":"https:\/\/wgphoto.pl\/t\/index.php?rest_route=%2Fwp%2Fv2%2Fcategories&post=20227"},{"taxonomy":"post_tag","embeddable":true,"href":"https:\/\/wgphoto.pl\/t\/index.php?rest_route=%2Fwp%2Fv2%2Ftags&post=20227"}],"curies":[{"name":"wp","href":"https:\/\/api.w.org\/{rel}","templated":true}]}}