{"id":20230,"date":"2025-07-10T23:03:17","date_gmt":"2025-07-10T21:03:17","guid":{"rendered":"https:\/\/wgphoto.pl\/t\/?p=20230"},"modified":"2025-07-10T23:03:17","modified_gmt":"2025-07-10T21:03:17","slug":"koszutka","status":"publish","type":"post","link":"https:\/\/wgphoto.pl\/t\/?p=20230","title":{"rendered":"Koszutka"},"content":{"rendered":"\n<figure class=\"wp-block-image aligncenter size-full\"><img loading=\"lazy\" decoding=\"async\" width=\"1300\" height=\"867\" src=\"https:\/\/wgphoto.pl\/t\/wp-content\/uploads\/2025\/07\/0813-26.jpg\" alt=\"\" class=\"wp-image-20231\" srcset=\"https:\/\/wgphoto.pl\/t\/wp-content\/uploads\/2025\/07\/0813-26.jpg 1300w, https:\/\/wgphoto.pl\/t\/wp-content\/uploads\/2025\/07\/0813-26-300x200.jpg 300w, https:\/\/wgphoto.pl\/t\/wp-content\/uploads\/2025\/07\/0813-26-768x512.jpg 768w\" sizes=\"auto, (max-width: 1300px) 100vw, 1300px\" \/><\/figure>\n\n\n\n<div class=\"wp-block-group has-global-padding is-layout-constrained wp-block-group-is-layout-constrained\">\n<p>Pilzno, Gersk\u00e1 ul. Sk\u0142ad T3CS 284+285 doje\u017cd\u017ca do p\u0119tli Ko\u0161utka. Osiedle z wielkiej p\u0142yty w p\u00f3\u0142nocnej cz\u0119\u015bci miasta jest znakomicie skomunikowane z centrum za spraw\u0105 oplataj\u0105cych je dw\u00f3ch tras tramwajowych o wysokiej cz\u0119stotliwo\u015bci. Linia 4 jest &#8222;najsilniejsz\u0105&#8221; w mie\u015bcie i kursuje w szczycie nawet co 3 minuty. 11.09.2008<\/p>\n<\/div>\n","protected":false},"excerpt":{"rendered":"<p>Pilzno, Gersk\u00e1 ul. Sk\u0142ad T3CS 284+285 doje\u017cd\u017ca do p\u0119tli Ko\u0161utka. Osiedle z wielkiej p\u0142yty w p\u00f3\u0142nocnej cz\u0119\u015bci miasta jest znakomicie skomunikowane z centrum za spraw\u0105 oplataj\u0105cych je dw\u00f3ch tras tramwajowych o wysokiej cz\u0119stotliwo\u015bci. Linia 4 jest &#8222;najsilniejsz\u0105&#8221; w mie\u015bcie i kursuje w szczycie nawet co 3 minuty. 11.09.2008<\/p>\n","protected":false},"author":1,"featured_media":20231,"comment_status":"open","ping_status":"","sticky":false,"template":"","format":"standard","meta":{"footnotes":""},"categories":[62,120,3],"tags":[715,49,1674,1675,1011],"class_list":["post-20230","post","type-post","status-publish","format-standard","has-post-thumbnail","hentry","category-analog","category-rok-2008","category-tramwaj","tag-2008-09-11","tag-czechy","tag-dp-plzen","tag-pilzno","tag-tatra-t3"],"_links":{"self":[{"href":"https:\/\/wgphoto.pl\/t\/index.php?rest_route=\/wp\/v2\/posts\/20230","targetHints":{"allow":["GET"]}}],"collection":[{"href":"https:\/\/wgphoto.pl\/t\/index.php?rest_route=\/wp\/v2\/posts"}],"about":[{"href":"https:\/\/wgphoto.pl\/t\/index.php?rest_route=\/wp\/v2\/types\/post"}],"author":[{"embeddable":true,"href":"https:\/\/wgphoto.pl\/t\/index.php?rest_route=\/wp\/v2\/users\/1"}],"replies":[{"embeddable":true,"href":"https:\/\/wgphoto.pl\/t\/index.php?rest_route=%2Fwp%2Fv2%2Fcomments&post=20230"}],"version-history":[{"count":1,"href":"https:\/\/wgphoto.pl\/t\/index.php?rest_route=\/wp\/v2\/posts\/20230\/revisions"}],"predecessor-version":[{"id":20232,"href":"https:\/\/wgphoto.pl\/t\/index.php?rest_route=\/wp\/v2\/posts\/20230\/revisions\/20232"}],"wp:featuredmedia":[{"embeddable":true,"href":"https:\/\/wgphoto.pl\/t\/index.php?rest_route=\/wp\/v2\/media\/20231"}],"wp:attachment":[{"href":"https:\/\/wgphoto.pl\/t\/index.php?rest_route=%2Fwp%2Fv2%2Fmedia&parent=20230"}],"wp:term":[{"taxonomy":"category","embeddable":true,"href":"https:\/\/wgphoto.pl\/t\/index.php?rest_route=%2Fwp%2Fv2%2Fcategories&post=20230"},{"taxonomy":"post_tag","embeddable":true,"href":"https:\/\/wgphoto.pl\/t\/index.php?rest_route=%2Fwp%2Fv2%2Ftags&post=20230"}],"curies":[{"name":"wp","href":"https:\/\/api.w.org\/{rel}","templated":true}]}}