{"id":20239,"date":"2025-07-10T23:06:00","date_gmt":"2025-07-10T21:06:00","guid":{"rendered":"https:\/\/wgphoto.pl\/t\/?p=20239"},"modified":"2025-07-10T23:06:00","modified_gmt":"2025-07-10T21:06:00","slug":"rankiem-na-rynku","status":"publish","type":"post","link":"https:\/\/wgphoto.pl\/t\/?p=20239","title":{"rendered":"Rankiem na rynku"},"content":{"rendered":"\n<figure class=\"wp-block-image aligncenter size-full\"><img loading=\"lazy\" decoding=\"async\" width=\"750\" height=\"1000\" src=\"https:\/\/wgphoto.pl\/t\/wp-content\/uploads\/2025\/07\/0813-21.jpg\" alt=\"\" class=\"wp-image-20240\" srcset=\"https:\/\/wgphoto.pl\/t\/wp-content\/uploads\/2025\/07\/0813-21.jpg 750w, https:\/\/wgphoto.pl\/t\/wp-content\/uploads\/2025\/07\/0813-21-225x300.jpg 225w\" sizes=\"auto, (max-width: 750px) 100vw, 750px\" \/><\/figure>\n\n\n\n<div class=\"wp-block-group has-global-padding is-layout-constrained wp-block-group-is-layout-constrained\">\n<p>Zestaw T3R.P 252+253 wje\u017cd\u017ca na N\u00e1m\u011bst\u00ed Republiky (innymi s\u0142owy: rynek) w Pil\u017anie od strony dworca g\u0142\u00f3wnego. W tle widoczna jest vod\u00e1rensk\u00e1 v\u011b\u017e &#8211; wie\u017ca wodoci\u0105gowa, pe\u0142ni\u0105ca tak\u017ce rol\u0119 obronnej, o kt\u00f3rej najstarsze zapisy pochodz\u0105 z 1532 roku. 11.09.2008<\/p>\n<\/div>\n","protected":false},"excerpt":{"rendered":"<p>Zestaw T3R.P 252+253 wje\u017cd\u017ca na N\u00e1m\u011bst\u00ed Republiky (innymi s\u0142owy: rynek) w Pil\u017anie od strony dworca g\u0142\u00f3wnego. W tle widoczna jest vod\u00e1rensk\u00e1 v\u011b\u017e &#8211; wie\u017ca wodoci\u0105gowa, pe\u0142ni\u0105ca tak\u017ce rol\u0119 obronnej, o kt\u00f3rej najstarsze zapisy pochodz\u0105 z 1532 roku. 11.09.2008<\/p>\n","protected":false},"author":1,"featured_media":20240,"comment_status":"open","ping_status":"","sticky":false,"template":"","format":"standard","meta":{"footnotes":""},"categories":[62,128,120,3],"tags":[715,49,1674,1675,1011],"class_list":["post-20239","post","type-post","status-publish","format-standard","has-post-thumbnail","hentry","category-analog","category-pionowe","category-rok-2008","category-tramwaj","tag-2008-09-11","tag-czechy","tag-dp-plzen","tag-pilzno","tag-tatra-t3"],"_links":{"self":[{"href":"https:\/\/wgphoto.pl\/t\/index.php?rest_route=\/wp\/v2\/posts\/20239","targetHints":{"allow":["GET"]}}],"collection":[{"href":"https:\/\/wgphoto.pl\/t\/index.php?rest_route=\/wp\/v2\/posts"}],"about":[{"href":"https:\/\/wgphoto.pl\/t\/index.php?rest_route=\/wp\/v2\/types\/post"}],"author":[{"embeddable":true,"href":"https:\/\/wgphoto.pl\/t\/index.php?rest_route=\/wp\/v2\/users\/1"}],"replies":[{"embeddable":true,"href":"https:\/\/wgphoto.pl\/t\/index.php?rest_route=%2Fwp%2Fv2%2Fcomments&post=20239"}],"version-history":[{"count":1,"href":"https:\/\/wgphoto.pl\/t\/index.php?rest_route=\/wp\/v2\/posts\/20239\/revisions"}],"predecessor-version":[{"id":20241,"href":"https:\/\/wgphoto.pl\/t\/index.php?rest_route=\/wp\/v2\/posts\/20239\/revisions\/20241"}],"wp:featuredmedia":[{"embeddable":true,"href":"https:\/\/wgphoto.pl\/t\/index.php?rest_route=\/wp\/v2\/media\/20240"}],"wp:attachment":[{"href":"https:\/\/wgphoto.pl\/t\/index.php?rest_route=%2Fwp%2Fv2%2Fmedia&parent=20239"}],"wp:term":[{"taxonomy":"category","embeddable":true,"href":"https:\/\/wgphoto.pl\/t\/index.php?rest_route=%2Fwp%2Fv2%2Fcategories&post=20239"},{"taxonomy":"post_tag","embeddable":true,"href":"https:\/\/wgphoto.pl\/t\/index.php?rest_route=%2Fwp%2Fv2%2Ftags&post=20239"}],"curies":[{"name":"wp","href":"https:\/\/api.w.org\/{rel}","templated":true}]}}