{"id":20249,"date":"2025-07-11T12:40:55","date_gmt":"2025-07-11T10:40:55","guid":{"rendered":"https:\/\/wgphoto.pl\/t\/?p=20249"},"modified":"2025-07-11T12:40:55","modified_gmt":"2025-07-11T10:40:55","slug":"bez-gor","status":"publish","type":"post","link":"https:\/\/wgphoto.pl\/t\/?p=20249","title":{"rendered":"Bez g\u00f3r"},"content":{"rendered":"\n<figure class=\"wp-block-image aligncenter size-full\"><img loading=\"lazy\" decoding=\"async\" width=\"1300\" height=\"861\" src=\"https:\/\/wgphoto.pl\/t\/wp-content\/uploads\/2025\/07\/IMGP5607.jpg\" alt=\"\" class=\"wp-image-20250\" srcset=\"https:\/\/wgphoto.pl\/t\/wp-content\/uploads\/2025\/07\/IMGP5607.jpg 1300w, https:\/\/wgphoto.pl\/t\/wp-content\/uploads\/2025\/07\/IMGP5607-300x199.jpg 300w, https:\/\/wgphoto.pl\/t\/wp-content\/uploads\/2025\/07\/IMGP5607-768x509.jpg 768w\" sizes=\"auto, (max-width: 1300px) 100vw, 1300px\" \/><\/figure>\n\n\n\n<div class=\"wp-block-group has-global-padding is-layout-constrained wp-block-group-is-layout-constrained\">\n<p>Sofia, ul. Kamenodelska. Tramkar T6M-700F nr 702 jedzie wzd\u0142u\u017c Cmentarza Centralnego (niewidocznego, po prawej), za\u015b na horyzoncie powinien by\u0107 widoczny masyw Witoszy przekraczaj\u0105cej 2000 m n.p.m., ale pogoda zadba\u0142a, aby si\u0119 tak nie sta\u0142o. \ud83d\ude09 11.11.2017<\/p>\n<\/div>\n","protected":false},"excerpt":{"rendered":"<p>Sofia, ul. Kamenodelska. Tramkar T6M-700F nr 702 jedzie wzd\u0142u\u017c Cmentarza Centralnego (niewidocznego, po prawej), za\u015b na horyzoncie powinien by\u0107 widoczny masyw Witoszy przekraczaj\u0105cej 2000 m n.p.m., ale pogoda zadba\u0142a, aby si\u0119 tak nie sta\u0142o. \ud83d\ude09 11.11.2017<\/p>\n","protected":false},"author":1,"featured_media":20250,"comment_status":"open","ping_status":"","sticky":false,"template":"","format":"standard","meta":{"footnotes":""},"categories":[368,3],"tags":[2547,838,118,842,3073,839,840],"class_list":["post-20249","post","type-post","status-publish","format-standard","has-post-thumbnail","hentry","category-rok-2017","category-tramwaj","tag-2017-11-11","tag-bulgaria","tag-plany-i-profile","tag-sofia","tag-tramkar","tag-wakacje-2017","tag-840"],"_links":{"self":[{"href":"https:\/\/wgphoto.pl\/t\/index.php?rest_route=\/wp\/v2\/posts\/20249","targetHints":{"allow":["GET"]}}],"collection":[{"href":"https:\/\/wgphoto.pl\/t\/index.php?rest_route=\/wp\/v2\/posts"}],"about":[{"href":"https:\/\/wgphoto.pl\/t\/index.php?rest_route=\/wp\/v2\/types\/post"}],"author":[{"embeddable":true,"href":"https:\/\/wgphoto.pl\/t\/index.php?rest_route=\/wp\/v2\/users\/1"}],"replies":[{"embeddable":true,"href":"https:\/\/wgphoto.pl\/t\/index.php?rest_route=%2Fwp%2Fv2%2Fcomments&post=20249"}],"version-history":[{"count":1,"href":"https:\/\/wgphoto.pl\/t\/index.php?rest_route=\/wp\/v2\/posts\/20249\/revisions"}],"predecessor-version":[{"id":20251,"href":"https:\/\/wgphoto.pl\/t\/index.php?rest_route=\/wp\/v2\/posts\/20249\/revisions\/20251"}],"wp:featuredmedia":[{"embeddable":true,"href":"https:\/\/wgphoto.pl\/t\/index.php?rest_route=\/wp\/v2\/media\/20250"}],"wp:attachment":[{"href":"https:\/\/wgphoto.pl\/t\/index.php?rest_route=%2Fwp%2Fv2%2Fmedia&parent=20249"}],"wp:term":[{"taxonomy":"category","embeddable":true,"href":"https:\/\/wgphoto.pl\/t\/index.php?rest_route=%2Fwp%2Fv2%2Fcategories&post=20249"},{"taxonomy":"post_tag","embeddable":true,"href":"https:\/\/wgphoto.pl\/t\/index.php?rest_route=%2Fwp%2Fv2%2Ftags&post=20249"}],"curies":[{"name":"wp","href":"https:\/\/api.w.org\/{rel}","templated":true}]}}