{"id":20267,"date":"2025-07-11T12:47:46","date_gmt":"2025-07-11T10:47:46","guid":{"rendered":"https:\/\/wgphoto.pl\/t\/?p=20267"},"modified":"2025-07-11T12:47:46","modified_gmt":"2025-07-11T10:47:46","slug":"barwy-bydgoskie","status":"publish","type":"post","link":"https:\/\/wgphoto.pl\/t\/?p=20267","title":{"rendered":"Barwy bydgoskie"},"content":{"rendered":"\n<figure class=\"wp-block-image aligncenter size-full\"><img loading=\"lazy\" decoding=\"async\" width=\"1300\" height=\"867\" src=\"https:\/\/wgphoto.pl\/t\/wp-content\/uploads\/2025\/07\/0324-25_rsn.jpg\" alt=\"\" class=\"wp-image-20268\" srcset=\"https:\/\/wgphoto.pl\/t\/wp-content\/uploads\/2025\/07\/0324-25_rsn.jpg 1300w, https:\/\/wgphoto.pl\/t\/wp-content\/uploads\/2025\/07\/0324-25_rsn-300x200.jpg 300w, https:\/\/wgphoto.pl\/t\/wp-content\/uploads\/2025\/07\/0324-25_rsn-768x512.jpg 768w\" sizes=\"auto, (max-width: 1300px) 100vw, 1300px\" \/><\/figure>\n\n\n\n<div class=\"wp-block-group has-global-padding is-layout-constrained wp-block-group-is-layout-constrained\">\n<p>EN57-1790+1789 jako poci\u0105g osobowy 20225 relacji Bydgoszcz G\u0142. &#8211; Gdynia Chylonia na odcinku Majewo &#8211; Morzeszczyn. Bydgoski schemat malowania jednostek EN57 rozprzestrzeni\u0142 si\u0119 wkr\u00f3tce na wi\u0119kszo\u015b\u0107 kraju. 21.07.2003<\/p>\n<\/div>\n","protected":false},"excerpt":{"rendered":"<p>EN57-1790+1789 jako poci\u0105g osobowy 20225 relacji Bydgoszcz G\u0142. &#8211; Gdynia Chylonia na odcinku Majewo &#8211; Morzeszczyn. Bydgoski schemat malowania jednostek EN57 rozprzestrzeni\u0142 si\u0119 wkr\u00f3tce na wi\u0119kszo\u015b\u0107 kraju. 21.07.2003<\/p>\n","protected":false},"author":1,"featured_media":20268,"comment_status":"open","ping_status":"","sticky":false,"template":"","format":"standard","meta":{"footnotes":""},"categories":[62,2,149],"tags":[998,132,996,997,63,27,920],"class_list":["post-20267","post","type-post","status-publish","format-standard","has-post-thumbnail","hentry","category-analog","category-kolej","category-rok-2003","tag-2003-07-21","tag-en57","tag-majewo","tag-morzeszczyn","tag-pkp","tag-polska","tag-tab-pl430"],"_links":{"self":[{"href":"https:\/\/wgphoto.pl\/t\/index.php?rest_route=\/wp\/v2\/posts\/20267","targetHints":{"allow":["GET"]}}],"collection":[{"href":"https:\/\/wgphoto.pl\/t\/index.php?rest_route=\/wp\/v2\/posts"}],"about":[{"href":"https:\/\/wgphoto.pl\/t\/index.php?rest_route=\/wp\/v2\/types\/post"}],"author":[{"embeddable":true,"href":"https:\/\/wgphoto.pl\/t\/index.php?rest_route=\/wp\/v2\/users\/1"}],"replies":[{"embeddable":true,"href":"https:\/\/wgphoto.pl\/t\/index.php?rest_route=%2Fwp%2Fv2%2Fcomments&post=20267"}],"version-history":[{"count":1,"href":"https:\/\/wgphoto.pl\/t\/index.php?rest_route=\/wp\/v2\/posts\/20267\/revisions"}],"predecessor-version":[{"id":20269,"href":"https:\/\/wgphoto.pl\/t\/index.php?rest_route=\/wp\/v2\/posts\/20267\/revisions\/20269"}],"wp:featuredmedia":[{"embeddable":true,"href":"https:\/\/wgphoto.pl\/t\/index.php?rest_route=\/wp\/v2\/media\/20268"}],"wp:attachment":[{"href":"https:\/\/wgphoto.pl\/t\/index.php?rest_route=%2Fwp%2Fv2%2Fmedia&parent=20267"}],"wp:term":[{"taxonomy":"category","embeddable":true,"href":"https:\/\/wgphoto.pl\/t\/index.php?rest_route=%2Fwp%2Fv2%2Fcategories&post=20267"},{"taxonomy":"post_tag","embeddable":true,"href":"https:\/\/wgphoto.pl\/t\/index.php?rest_route=%2Fwp%2Fv2%2Ftags&post=20267"}],"curies":[{"name":"wp","href":"https:\/\/api.w.org\/{rel}","templated":true}]}}