{"id":2027,"date":"2024-10-07T17:38:11","date_gmt":"2024-10-07T15:38:11","guid":{"rendered":"https:\/\/wgphoto.pl\/t\/?p=2027"},"modified":"2024-10-07T17:38:11","modified_gmt":"2024-10-07T15:38:11","slug":"velesin-mestys","status":"publish","type":"post","link":"https:\/\/wgphoto.pl\/t\/?p=2027","title":{"rendered":"Vele\u0161\u00edn m\u011bstys"},"content":{"rendered":"\n<figure class=\"wp-block-image aligncenter size-full\"><img loading=\"lazy\" decoding=\"async\" width=\"1200\" height=\"675\" src=\"https:\/\/wgphoto.pl\/t\/wp-content\/uploads\/2024\/10\/IMGP6383.jpg\" alt=\"\" class=\"wp-image-2028\" srcset=\"https:\/\/wgphoto.pl\/t\/wp-content\/uploads\/2024\/10\/IMGP6383.jpg 1200w, https:\/\/wgphoto.pl\/t\/wp-content\/uploads\/2024\/10\/IMGP6383-300x169.jpg 300w, https:\/\/wgphoto.pl\/t\/wp-content\/uploads\/2024\/10\/IMGP6383-768x432.jpg 768w\" sizes=\"auto, (max-width: 1200px) 100vw, 1200px\" \/><\/figure>\n\n\n\n<div class=\"wp-block-group has-global-padding is-layout-constrained wp-block-group-is-layout-constrained\">\n<p>Mi\u0119dzynarodowy poci\u0105g przyspieszony 1936 z Summerau do Czeskich Budziejowic, prowadzony 749 262-2, nabiera pr\u0119dko\u015bci po kr\u00f3tkim postoju na przystanku Vele\u0161\u00edn <a href=\"https:\/\/pl.wikipedia.org\/wiki\/Miasteczko_(urbanizacja)\">m\u011bstys<\/a>. 24.08.2010<\/p>\n<\/div>\n","protected":false},"excerpt":{"rendered":"<p>Mi\u0119dzynarodowy poci\u0105g przyspieszony 1936 z Summerau do Czeskich Budziejowic, prowadzony 749 262-2, nabiera pr\u0119dko\u015bci po kr\u00f3tkim postoju na przystanku Vele\u0161\u00edn m\u011bstys. 24.08.2010<\/p>\n","protected":false},"author":1,"featured_media":2028,"comment_status":"open","ping_status":"","sticky":false,"template":"","format":"standard","meta":{"footnotes":""},"categories":[2,86],"tags":[945,1058,50,49,162,1057,1056,90],"class_list":["post-2027","post","type-post","status-publish","format-standard","has-post-thumbnail","hentry","category-kolej","category-rok-2010","tag-2010-08-24","tag-1058","tag-cd","tag-czechy","tag-niebo","tag-tab-cz196","tag-velesin-mestys","tag-wieczorem"],"_links":{"self":[{"href":"https:\/\/wgphoto.pl\/t\/index.php?rest_route=\/wp\/v2\/posts\/2027","targetHints":{"allow":["GET"]}}],"collection":[{"href":"https:\/\/wgphoto.pl\/t\/index.php?rest_route=\/wp\/v2\/posts"}],"about":[{"href":"https:\/\/wgphoto.pl\/t\/index.php?rest_route=\/wp\/v2\/types\/post"}],"author":[{"embeddable":true,"href":"https:\/\/wgphoto.pl\/t\/index.php?rest_route=\/wp\/v2\/users\/1"}],"replies":[{"embeddable":true,"href":"https:\/\/wgphoto.pl\/t\/index.php?rest_route=%2Fwp%2Fv2%2Fcomments&post=2027"}],"version-history":[{"count":1,"href":"https:\/\/wgphoto.pl\/t\/index.php?rest_route=\/wp\/v2\/posts\/2027\/revisions"}],"predecessor-version":[{"id":2029,"href":"https:\/\/wgphoto.pl\/t\/index.php?rest_route=\/wp\/v2\/posts\/2027\/revisions\/2029"}],"wp:featuredmedia":[{"embeddable":true,"href":"https:\/\/wgphoto.pl\/t\/index.php?rest_route=\/wp\/v2\/media\/2028"}],"wp:attachment":[{"href":"https:\/\/wgphoto.pl\/t\/index.php?rest_route=%2Fwp%2Fv2%2Fmedia&parent=2027"}],"wp:term":[{"taxonomy":"category","embeddable":true,"href":"https:\/\/wgphoto.pl\/t\/index.php?rest_route=%2Fwp%2Fv2%2Fcategories&post=2027"},{"taxonomy":"post_tag","embeddable":true,"href":"https:\/\/wgphoto.pl\/t\/index.php?rest_route=%2Fwp%2Fv2%2Ftags&post=2027"}],"curies":[{"name":"wp","href":"https:\/\/api.w.org\/{rel}","templated":true}]}}