{"id":20276,"date":"2025-07-11T12:50:18","date_gmt":"2025-07-11T10:50:18","guid":{"rendered":"https:\/\/wgphoto.pl\/t\/?p=20276"},"modified":"2025-07-11T12:50:18","modified_gmt":"2025-07-11T10:50:18","slug":"slowacki-push-pull","status":"publish","type":"post","link":"https:\/\/wgphoto.pl\/t\/?p=20276","title":{"rendered":"S\u0142owacki push-pull"},"content":{"rendered":"\n<figure class=\"wp-block-image aligncenter size-full\"><img loading=\"lazy\" decoding=\"async\" width=\"1300\" height=\"861\" src=\"https:\/\/wgphoto.pl\/t\/wp-content\/uploads\/2025\/07\/IMGP2578.jpg\" alt=\"\" class=\"wp-image-20277\" srcset=\"https:\/\/wgphoto.pl\/t\/wp-content\/uploads\/2025\/07\/IMGP2578.jpg 1300w, https:\/\/wgphoto.pl\/t\/wp-content\/uploads\/2025\/07\/IMGP2578-300x199.jpg 300w, https:\/\/wgphoto.pl\/t\/wp-content\/uploads\/2025\/07\/IMGP2578-768x509.jpg 768w\" sizes=\"auto, (max-width: 1300px) 100vw, 1300px\" \/><\/figure>\n\n\n\n<div class=\"wp-block-group has-global-padding is-layout-constrained wp-block-group-is-layout-constrained\">\n<p>163.114 wraz z bli\u017aniacz\u0105 maszyn\u0105 prowadz\u0105 poci\u0105g osobowy relacji Ko\u0161ice &#8211; \u010cierna nad Tisou, kt\u00f3ry opu\u015bci\u0142 w\u0142a\u015bnie stacj\u0119 Slanec, a w drog\u0119 powrotn\u0105 wr\u00f3ci, s\u0105dz\u0105c po sk\u0142adzie, w dw\u00f3ch cz\u0119\u015bciach. 24.06.2023<\/p>\n<\/div>\n","protected":false},"excerpt":{"rendered":"<p>163.114 wraz z bli\u017aniacz\u0105 maszyn\u0105 prowadz\u0105 poci\u0105g osobowy relacji Ko\u0161ice &#8211; \u010cierna nad Tisou, kt\u00f3ry opu\u015bci\u0142 w\u0142a\u015bnie stacj\u0119 Slanec, a w drog\u0119 powrotn\u0105 wr\u00f3ci, s\u0105dz\u0105c po sk\u0142adzie, w dw\u00f3ch cz\u0119\u015bciach. 24.06.2023<\/p>\n","protected":false},"author":1,"featured_media":20277,"comment_status":"open","ping_status":"","sticky":false,"template":"","format":"standard","meta":{"footnotes":""},"categories":[2,6],"tags":[1401,4273,4154,114,173,4274,675,469],"class_list":["post-20276","post","type-post","status-publish","format-standard","has-post-thumbnail","hentry","category-kolej","category-2023r","tag-1401","tag-2023-06-24","tag-buna-romania-2023","tag-gory","tag-koncowki","tag-slanec","tag-slowacja","tag-zssk"],"_links":{"self":[{"href":"https:\/\/wgphoto.pl\/t\/index.php?rest_route=\/wp\/v2\/posts\/20276","targetHints":{"allow":["GET"]}}],"collection":[{"href":"https:\/\/wgphoto.pl\/t\/index.php?rest_route=\/wp\/v2\/posts"}],"about":[{"href":"https:\/\/wgphoto.pl\/t\/index.php?rest_route=\/wp\/v2\/types\/post"}],"author":[{"embeddable":true,"href":"https:\/\/wgphoto.pl\/t\/index.php?rest_route=\/wp\/v2\/users\/1"}],"replies":[{"embeddable":true,"href":"https:\/\/wgphoto.pl\/t\/index.php?rest_route=%2Fwp%2Fv2%2Fcomments&post=20276"}],"version-history":[{"count":1,"href":"https:\/\/wgphoto.pl\/t\/index.php?rest_route=\/wp\/v2\/posts\/20276\/revisions"}],"predecessor-version":[{"id":20278,"href":"https:\/\/wgphoto.pl\/t\/index.php?rest_route=\/wp\/v2\/posts\/20276\/revisions\/20278"}],"wp:featuredmedia":[{"embeddable":true,"href":"https:\/\/wgphoto.pl\/t\/index.php?rest_route=\/wp\/v2\/media\/20277"}],"wp:attachment":[{"href":"https:\/\/wgphoto.pl\/t\/index.php?rest_route=%2Fwp%2Fv2%2Fmedia&parent=20276"}],"wp:term":[{"taxonomy":"category","embeddable":true,"href":"https:\/\/wgphoto.pl\/t\/index.php?rest_route=%2Fwp%2Fv2%2Fcategories&post=20276"},{"taxonomy":"post_tag","embeddable":true,"href":"https:\/\/wgphoto.pl\/t\/index.php?rest_route=%2Fwp%2Fv2%2Ftags&post=20276"}],"curies":[{"name":"wp","href":"https:\/\/api.w.org\/{rel}","templated":true}]}}