{"id":20303,"date":"2025-07-11T12:58:38","date_gmt":"2025-07-11T10:58:38","guid":{"rendered":"https:\/\/wgphoto.pl\/t\/?p=20303"},"modified":"2025-07-11T12:58:38","modified_gmt":"2025-07-11T10:58:38","slug":"szrenica-2","status":"publish","type":"post","link":"https:\/\/wgphoto.pl\/t\/?p=20303","title":{"rendered":"&#8222;Szrenica&#8221;"},"content":{"rendered":"\n<figure class=\"wp-block-image aligncenter size-full\"><img loading=\"lazy\" decoding=\"async\" width=\"1300\" height=\"867\" src=\"https:\/\/wgphoto.pl\/t\/wp-content\/uploads\/2025\/07\/0430-31_rsn.jpg\" alt=\"\" class=\"wp-image-20304\" srcset=\"https:\/\/wgphoto.pl\/t\/wp-content\/uploads\/2025\/07\/0430-31_rsn.jpg 1300w, https:\/\/wgphoto.pl\/t\/wp-content\/uploads\/2025\/07\/0430-31_rsn-300x200.jpg 300w, https:\/\/wgphoto.pl\/t\/wp-content\/uploads\/2025\/07\/0430-31_rsn-768x512.jpg 768w\" sizes=\"auto, (max-width: 1300px) 100vw, 1300px\" \/><\/figure>\n\n\n\n<div class=\"wp-block-group has-global-padding is-layout-constrained wp-block-group-is-layout-constrained\">\n<p>Szklarska Por\u0119ba G\u00f3rna. EN71-043 przyby\u0142 jako poci\u0105g przyspieszony 22021 &#8222;Szrenica&#8221; z Wroc\u0142awia G\u0142\u00f3wnego. Weekendowy poci\u0105g mia\u0142 wzi\u0119cie pomimo d\u0142ugich czas\u00f3w przejazdu na linii Wroc\u0142aw &#8211; Jelenia G\u00f3ra. 11.11.2004<\/p>\n<\/div>\n","protected":false},"excerpt":{"rendered":"<p>Szklarska Por\u0119ba G\u00f3rna. EN71-043 przyby\u0142 jako poci\u0105g przyspieszony 22021 &#8222;Szrenica&#8221; z Wroc\u0142awia G\u0142\u00f3wnego. Weekendowy poci\u0105g mia\u0142 wzi\u0119cie pomimo d\u0142ugich czas\u00f3w przejazdu na linii Wroc\u0142aw &#8211; Jelenia G\u00f3ra. 11.11.2004<\/p>\n","protected":false},"author":1,"featured_media":20304,"comment_status":"open","ping_status":"","sticky":false,"template":"","format":"standard","meta":{"footnotes":""},"categories":[62,2,61],"tags":[3075,728,173,151,63,27,44,934,200],"class_list":["post-20303","post","type-post","status-publish","format-standard","has-post-thumbnail","hentry","category-analog","category-kolej","category-rok-2004","tag-2004-11-11","tag-en71","tag-koncowki","tag-ludzie","tag-pkp","tag-polska","tag-snieg","tag-szklarska-poreba-gorna","tag-tab-pl240"],"_links":{"self":[{"href":"https:\/\/wgphoto.pl\/t\/index.php?rest_route=\/wp\/v2\/posts\/20303","targetHints":{"allow":["GET"]}}],"collection":[{"href":"https:\/\/wgphoto.pl\/t\/index.php?rest_route=\/wp\/v2\/posts"}],"about":[{"href":"https:\/\/wgphoto.pl\/t\/index.php?rest_route=\/wp\/v2\/types\/post"}],"author":[{"embeddable":true,"href":"https:\/\/wgphoto.pl\/t\/index.php?rest_route=\/wp\/v2\/users\/1"}],"replies":[{"embeddable":true,"href":"https:\/\/wgphoto.pl\/t\/index.php?rest_route=%2Fwp%2Fv2%2Fcomments&post=20303"}],"version-history":[{"count":1,"href":"https:\/\/wgphoto.pl\/t\/index.php?rest_route=\/wp\/v2\/posts\/20303\/revisions"}],"predecessor-version":[{"id":20305,"href":"https:\/\/wgphoto.pl\/t\/index.php?rest_route=\/wp\/v2\/posts\/20303\/revisions\/20305"}],"wp:featuredmedia":[{"embeddable":true,"href":"https:\/\/wgphoto.pl\/t\/index.php?rest_route=\/wp\/v2\/media\/20304"}],"wp:attachment":[{"href":"https:\/\/wgphoto.pl\/t\/index.php?rest_route=%2Fwp%2Fv2%2Fmedia&parent=20303"}],"wp:term":[{"taxonomy":"category","embeddable":true,"href":"https:\/\/wgphoto.pl\/t\/index.php?rest_route=%2Fwp%2Fv2%2Fcategories&post=20303"},{"taxonomy":"post_tag","embeddable":true,"href":"https:\/\/wgphoto.pl\/t\/index.php?rest_route=%2Fwp%2Fv2%2Ftags&post=20303"}],"curies":[{"name":"wp","href":"https:\/\/api.w.org\/{rel}","templated":true}]}}