{"id":20316,"date":"2025-07-11T13:03:00","date_gmt":"2025-07-11T11:03:00","guid":{"rendered":"https:\/\/wgphoto.pl\/t\/?p=20316"},"modified":"2025-07-11T13:04:26","modified_gmt":"2025-07-11T11:04:26","slug":"gorlitzer-bahnhof","status":"publish","type":"post","link":"https:\/\/wgphoto.pl\/t\/?p=20316","title":{"rendered":"G\u00f6rlitzer Bahnhof"},"content":{"rendered":"\n<figure class=\"wp-block-image aligncenter size-full\"><img loading=\"lazy\" decoding=\"async\" width=\"1300\" height=\"861\" src=\"https:\/\/wgphoto.pl\/t\/wp-content\/uploads\/2025\/07\/IMGP3284.jpg\" alt=\"\" class=\"wp-image-20317\" srcset=\"https:\/\/wgphoto.pl\/t\/wp-content\/uploads\/2025\/07\/IMGP3284.jpg 1300w, https:\/\/wgphoto.pl\/t\/wp-content\/uploads\/2025\/07\/IMGP3284-300x199.jpg 300w, https:\/\/wgphoto.pl\/t\/wp-content\/uploads\/2025\/07\/IMGP3284-768x509.jpg 768w\" sizes=\"auto, (max-width: 1300px) 100vw, 1300px\" \/><\/figure>\n\n\n\n<div class=\"wp-block-group has-global-padding is-layout-constrained wp-block-group-is-layout-constrained\">\n<p>Poci\u0105g typu A3L92.1 z wagonem nr 631 (rocznik 1993) na ko\u0144cu jako linia U3 odje\u017cd\u017ca ze stacji G\u00f6rlitzer Bahnhof w Berlinie. Po tytu\u0142owym dworcu zosta\u0142a tylko nazwa stacji metra, ruch pasa\u017cerski znikn\u0105\u0142 ze\u0144 w 1951 roku, a towarowy w 1987. 15.09.2021<\/p>\n<\/div>\n","protected":false},"excerpt":{"rendered":"<p>Poci\u0105g typu A3L92.1 z wagonem nr 631 (rocznik 1993) na ko\u0144cu jako linia U3 odje\u017cd\u017ca ze stacji G\u00f6rlitzer Bahnhof w Berlinie. Po tytu\u0142owym dworcu zosta\u0142a tylko nazwa stacji metra, ruch pasa\u017cerski znikn\u0105\u0142 ze\u0144 w 1951 roku, a towarowy w 1987. 15.09.2021<\/p>\n","protected":false},"author":1,"featured_media":20317,"comment_status":"open","ping_status":"","sticky":false,"template":"","format":"standard","meta":{"footnotes":""},"categories":[4,681],"tags":[2579,639,2582,1628,179,173,23,2202,905,2565],"class_list":["post-20316","post","type-post","status-publish","format-standard","has-post-thumbnail","hentry","category-metro","category-rok-2021","tag-2021-09-15","tag-berlin","tag-bvg-a3","tag-bvg-berlin","tag-hala-peronowa","tag-koncowki","tag-niemcy","tag-niemieckie-wakacje-2021","tag-przez","tag-u-bahn-berlin"],"_links":{"self":[{"href":"https:\/\/wgphoto.pl\/t\/index.php?rest_route=\/wp\/v2\/posts\/20316","targetHints":{"allow":["GET"]}}],"collection":[{"href":"https:\/\/wgphoto.pl\/t\/index.php?rest_route=\/wp\/v2\/posts"}],"about":[{"href":"https:\/\/wgphoto.pl\/t\/index.php?rest_route=\/wp\/v2\/types\/post"}],"author":[{"embeddable":true,"href":"https:\/\/wgphoto.pl\/t\/index.php?rest_route=\/wp\/v2\/users\/1"}],"replies":[{"embeddable":true,"href":"https:\/\/wgphoto.pl\/t\/index.php?rest_route=%2Fwp%2Fv2%2Fcomments&post=20316"}],"version-history":[{"count":1,"href":"https:\/\/wgphoto.pl\/t\/index.php?rest_route=\/wp\/v2\/posts\/20316\/revisions"}],"predecessor-version":[{"id":20318,"href":"https:\/\/wgphoto.pl\/t\/index.php?rest_route=\/wp\/v2\/posts\/20316\/revisions\/20318"}],"wp:featuredmedia":[{"embeddable":true,"href":"https:\/\/wgphoto.pl\/t\/index.php?rest_route=\/wp\/v2\/media\/20317"}],"wp:attachment":[{"href":"https:\/\/wgphoto.pl\/t\/index.php?rest_route=%2Fwp%2Fv2%2Fmedia&parent=20316"}],"wp:term":[{"taxonomy":"category","embeddable":true,"href":"https:\/\/wgphoto.pl\/t\/index.php?rest_route=%2Fwp%2Fv2%2Fcategories&post=20316"},{"taxonomy":"post_tag","embeddable":true,"href":"https:\/\/wgphoto.pl\/t\/index.php?rest_route=%2Fwp%2Fv2%2Ftags&post=20316"}],"curies":[{"name":"wp","href":"https:\/\/api.w.org\/{rel}","templated":true}]}}