{"id":20322,"date":"2025-07-11T13:57:03","date_gmt":"2025-07-11T11:57:03","guid":{"rendered":"https:\/\/wgphoto.pl\/t\/?p=20322"},"modified":"2025-07-11T13:57:03","modified_gmt":"2025-07-11T11:57:03","slug":"blizej-juz-sie-nie-dalo","status":"publish","type":"post","link":"https:\/\/wgphoto.pl\/t\/?p=20322","title":{"rendered":"Bli\u017cej ju\u017c si\u0119 nie da\u0142o"},"content":{"rendered":"\n<figure class=\"wp-block-image aligncenter size-full\"><img loading=\"lazy\" decoding=\"async\" width=\"1400\" height=\"937\" src=\"https:\/\/wgphoto.pl\/t\/wp-content\/uploads\/2025\/07\/IMGP6397.jpg\" alt=\"\" class=\"wp-image-20323\" srcset=\"https:\/\/wgphoto.pl\/t\/wp-content\/uploads\/2025\/07\/IMGP6397.jpg 1400w, https:\/\/wgphoto.pl\/t\/wp-content\/uploads\/2025\/07\/IMGP6397-300x201.jpg 300w, https:\/\/wgphoto.pl\/t\/wp-content\/uploads\/2025\/07\/IMGP6397-768x514.jpg 768w\" sizes=\"auto, (max-width: 1400px) 100vw, 1400px\" \/><\/figure>\n\n\n\n<div class=\"wp-block-group has-global-padding is-layout-constrained wp-block-group-is-layout-constrained\">\n<p>810.226 odpoczywa pomi\u0119dzy kursami na ostatnich metrach toru przy \u015blepych peronach stacji \u010c\u00ed\u010denice. St\u0105d odje\u017cd\u017ca\u0142y poci\u0105gi obs\u0142uguj\u0105ce okoliczne lokalki. Do dzi\u015b czynna w ruchu pasa\u017cerskim jest tylko jedna &#8211; do Volar, obs\u0142uguje j\u0105 jednak GWTR. 25.08.2010<\/p>\n<\/div>\n","protected":false},"excerpt":{"rendered":"<p>810.226 odpoczywa pomi\u0119dzy kursami na ostatnich metrach toru przy \u015blepych peronach stacji \u010c\u00ed\u010denice. St\u0105d odje\u017cd\u017ca\u0142y poci\u0105gi obs\u0142uguj\u0105ce okoliczne lokalki. Do dzi\u015b czynna w ruchu pasa\u017cerskim jest tylko jedna &#8211; do Volar, obs\u0142uguje j\u0105 jednak GWTR. 25.08.2010<\/p>\n","protected":false},"author":1,"featured_media":20323,"comment_status":"open","ping_status":"","sticky":false,"template":"","format":"standard","meta":{"footnotes":""},"categories":[2,86],"tags":[308,92,50,2314,49,176],"class_list":["post-20322","post","type-post","status-publish","format-standard","has-post-thumbnail","hentry","category-kolej","category-rok-2010","tag-2010-08-25","tag-92","tag-cd","tag-cicenice","tag-czechy","tag-rano"],"_links":{"self":[{"href":"https:\/\/wgphoto.pl\/t\/index.php?rest_route=\/wp\/v2\/posts\/20322","targetHints":{"allow":["GET"]}}],"collection":[{"href":"https:\/\/wgphoto.pl\/t\/index.php?rest_route=\/wp\/v2\/posts"}],"about":[{"href":"https:\/\/wgphoto.pl\/t\/index.php?rest_route=\/wp\/v2\/types\/post"}],"author":[{"embeddable":true,"href":"https:\/\/wgphoto.pl\/t\/index.php?rest_route=\/wp\/v2\/users\/1"}],"replies":[{"embeddable":true,"href":"https:\/\/wgphoto.pl\/t\/index.php?rest_route=%2Fwp%2Fv2%2Fcomments&post=20322"}],"version-history":[{"count":1,"href":"https:\/\/wgphoto.pl\/t\/index.php?rest_route=\/wp\/v2\/posts\/20322\/revisions"}],"predecessor-version":[{"id":20324,"href":"https:\/\/wgphoto.pl\/t\/index.php?rest_route=\/wp\/v2\/posts\/20322\/revisions\/20324"}],"wp:featuredmedia":[{"embeddable":true,"href":"https:\/\/wgphoto.pl\/t\/index.php?rest_route=\/wp\/v2\/media\/20323"}],"wp:attachment":[{"href":"https:\/\/wgphoto.pl\/t\/index.php?rest_route=%2Fwp%2Fv2%2Fmedia&parent=20322"}],"wp:term":[{"taxonomy":"category","embeddable":true,"href":"https:\/\/wgphoto.pl\/t\/index.php?rest_route=%2Fwp%2Fv2%2Fcategories&post=20322"},{"taxonomy":"post_tag","embeddable":true,"href":"https:\/\/wgphoto.pl\/t\/index.php?rest_route=%2Fwp%2Fv2%2Ftags&post=20322"}],"curies":[{"name":"wp","href":"https:\/\/api.w.org\/{rel}","templated":true}]}}