{"id":20328,"date":"2025-07-11T13:59:08","date_gmt":"2025-07-11T11:59:08","guid":{"rendered":"https:\/\/wgphoto.pl\/t\/?p=20328"},"modified":"2025-07-11T13:59:08","modified_gmt":"2025-07-11T11:59:08","slug":"tramwaj-pelen-slonca","status":"publish","type":"post","link":"https:\/\/wgphoto.pl\/t\/?p=20328","title":{"rendered":"Tramwaj pe\u0142en s\u0142o\u0144ca"},"content":{"rendered":"\n<figure class=\"wp-block-image aligncenter size-full\"><img loading=\"lazy\" decoding=\"async\" width=\"1400\" height=\"937\" src=\"https:\/\/wgphoto.pl\/t\/wp-content\/uploads\/2025\/07\/IMGP6964.jpg\" alt=\"\" class=\"wp-image-20329\" srcset=\"https:\/\/wgphoto.pl\/t\/wp-content\/uploads\/2025\/07\/IMGP6964.jpg 1400w, https:\/\/wgphoto.pl\/t\/wp-content\/uploads\/2025\/07\/IMGP6964-300x201.jpg 300w, https:\/\/wgphoto.pl\/t\/wp-content\/uploads\/2025\/07\/IMGP6964-768x514.jpg 768w\" sizes=\"auto, (max-width: 1400px) 100vw, 1400px\" \/><\/figure>\n\n\n\n<div class=\"wp-block-group has-global-padding is-layout-constrained wp-block-group-is-layout-constrained\">\n<p>Porto, Rua de Monchique. Brill-28 nr 143 jako City Tour mija miejsce najpowa\u017cniejszego pono\u0107 wypadku tramwajowego w mie\u015bcie. Jestem sk\u0142onny w to uwierzy\u0107, zwa\u017cywszy \u017ce wykolejenie na tym \u0142uku prowadzi do k\u0105pieli w rzece. 03.09.2010<\/p>\n<\/div>\n","protected":false},"excerpt":{"rendered":"<p>Porto, Rua de Monchique. Brill-28 nr 143 jako City Tour mija miejsce najpowa\u017cniejszego pono\u0107 wypadku tramwajowego w mie\u015bcie. Jestem sk\u0142onny w to uwierzy\u0107, zwa\u017cywszy \u017ce wykolejenie na tym \u0142uku prowadzi do k\u0105pieli w rzece. 03.09.2010<\/p>\n","protected":false},"author":1,"featured_media":20329,"comment_status":"open","ping_status":"","sticky":false,"template":"","format":"standard","meta":{"footnotes":""},"categories":[86,3],"tags":[1200,1197,503,297,73],"class_list":["post-20328","post","type-post","status-publish","format-standard","has-post-thumbnail","hentry","category-rok-2010","category-tramwaj","tag-2010-09-03","tag-brill-28","tag-porto","tag-portugalia","tag-rzeka"],"_links":{"self":[{"href":"https:\/\/wgphoto.pl\/t\/index.php?rest_route=\/wp\/v2\/posts\/20328","targetHints":{"allow":["GET"]}}],"collection":[{"href":"https:\/\/wgphoto.pl\/t\/index.php?rest_route=\/wp\/v2\/posts"}],"about":[{"href":"https:\/\/wgphoto.pl\/t\/index.php?rest_route=\/wp\/v2\/types\/post"}],"author":[{"embeddable":true,"href":"https:\/\/wgphoto.pl\/t\/index.php?rest_route=\/wp\/v2\/users\/1"}],"replies":[{"embeddable":true,"href":"https:\/\/wgphoto.pl\/t\/index.php?rest_route=%2Fwp%2Fv2%2Fcomments&post=20328"}],"version-history":[{"count":1,"href":"https:\/\/wgphoto.pl\/t\/index.php?rest_route=\/wp\/v2\/posts\/20328\/revisions"}],"predecessor-version":[{"id":20330,"href":"https:\/\/wgphoto.pl\/t\/index.php?rest_route=\/wp\/v2\/posts\/20328\/revisions\/20330"}],"wp:featuredmedia":[{"embeddable":true,"href":"https:\/\/wgphoto.pl\/t\/index.php?rest_route=\/wp\/v2\/media\/20329"}],"wp:attachment":[{"href":"https:\/\/wgphoto.pl\/t\/index.php?rest_route=%2Fwp%2Fv2%2Fmedia&parent=20328"}],"wp:term":[{"taxonomy":"category","embeddable":true,"href":"https:\/\/wgphoto.pl\/t\/index.php?rest_route=%2Fwp%2Fv2%2Fcategories&post=20328"},{"taxonomy":"post_tag","embeddable":true,"href":"https:\/\/wgphoto.pl\/t\/index.php?rest_route=%2Fwp%2Fv2%2Ftags&post=20328"}],"curies":[{"name":"wp","href":"https:\/\/api.w.org\/{rel}","templated":true}]}}