{"id":2033,"date":"2024-10-07T17:40:42","date_gmt":"2024-10-07T15:40:42","guid":{"rendered":"https:\/\/wgphoto.pl\/t\/?p=2033"},"modified":"2024-10-07T17:40:42","modified_gmt":"2024-10-07T15:40:42","slug":"sp32-po-latach-w-sedzislawiu","status":"publish","type":"post","link":"https:\/\/wgphoto.pl\/t\/?p=2033","title":{"rendered":"SP32 po latach w S\u0119dzis\u0142awiu"},"content":{"rendered":"\n<figure class=\"wp-block-image aligncenter size-full\"><img loading=\"lazy\" decoding=\"async\" width=\"1200\" height=\"675\" src=\"https:\/\/wgphoto.pl\/t\/wp-content\/uploads\/2024\/10\/0629-17a.jpg\" alt=\"\" class=\"wp-image-2034\" srcset=\"https:\/\/wgphoto.pl\/t\/wp-content\/uploads\/2024\/10\/0629-17a.jpg 1200w, https:\/\/wgphoto.pl\/t\/wp-content\/uploads\/2024\/10\/0629-17a-300x169.jpg 300w, https:\/\/wgphoto.pl\/t\/wp-content\/uploads\/2024\/10\/0629-17a-768x432.jpg 768w\" sizes=\"auto, (max-width: 1200px) 100vw, 1200px\" \/><\/figure>\n\n\n\n<div class=\"wp-block-group has-global-padding is-layout-constrained wp-block-group-is-layout-constrained\">\n<p>SP32-209 prowadzi nocny poci\u0105g pospieszny 46501 z Przemy\u015bla i Lublina do Jeleniej G\u00f3ry. Jego trasa poprowadzona od K\u0119dzierzyna-Ko\u017ala przez Nys\u0119, Kamieniec Z\u0105bk. i K\u0142odzko t\u0142umaczy niecodzienn\u0105 obs\u0142ug\u0119 trakcyjn\u0105. 26.12.2006<\/p>\n<\/div>\n","protected":false},"excerpt":{"rendered":"<p>SP32-209 prowadzi nocny poci\u0105g pospieszny 46501 z Przemy\u015bla i Lublina do Jeleniej G\u00f3ry. Jego trasa poprowadzona od K\u0119dzierzyna-Ko\u017ala przez Nys\u0119, Kamieniec Z\u0105bk. i K\u0142odzko t\u0142umaczy niecodzienn\u0105 obs\u0142ug\u0119 trakcyjn\u0105. 26.12.2006<\/p>\n","protected":false},"author":1,"featured_media":2034,"comment_status":"open","ping_status":"","sticky":false,"template":"","format":"standard","meta":{"footnotes":""},"categories":[62,2,130],"tags":[1062,63,27,176,1061,385,200],"class_list":["post-2033","post","type-post","status-publish","format-standard","has-post-thumbnail","hentry","category-analog","category-kolej","category-rok-2006","tag-2006-12-26","tag-pkp","tag-polska","tag-rano","tag-sedzislaw","tag-sp32","tag-tab-pl240"],"_links":{"self":[{"href":"https:\/\/wgphoto.pl\/t\/index.php?rest_route=\/wp\/v2\/posts\/2033","targetHints":{"allow":["GET"]}}],"collection":[{"href":"https:\/\/wgphoto.pl\/t\/index.php?rest_route=\/wp\/v2\/posts"}],"about":[{"href":"https:\/\/wgphoto.pl\/t\/index.php?rest_route=\/wp\/v2\/types\/post"}],"author":[{"embeddable":true,"href":"https:\/\/wgphoto.pl\/t\/index.php?rest_route=\/wp\/v2\/users\/1"}],"replies":[{"embeddable":true,"href":"https:\/\/wgphoto.pl\/t\/index.php?rest_route=%2Fwp%2Fv2%2Fcomments&post=2033"}],"version-history":[{"count":1,"href":"https:\/\/wgphoto.pl\/t\/index.php?rest_route=\/wp\/v2\/posts\/2033\/revisions"}],"predecessor-version":[{"id":2035,"href":"https:\/\/wgphoto.pl\/t\/index.php?rest_route=\/wp\/v2\/posts\/2033\/revisions\/2035"}],"wp:featuredmedia":[{"embeddable":true,"href":"https:\/\/wgphoto.pl\/t\/index.php?rest_route=\/wp\/v2\/media\/2034"}],"wp:attachment":[{"href":"https:\/\/wgphoto.pl\/t\/index.php?rest_route=%2Fwp%2Fv2%2Fmedia&parent=2033"}],"wp:term":[{"taxonomy":"category","embeddable":true,"href":"https:\/\/wgphoto.pl\/t\/index.php?rest_route=%2Fwp%2Fv2%2Fcategories&post=2033"},{"taxonomy":"post_tag","embeddable":true,"href":"https:\/\/wgphoto.pl\/t\/index.php?rest_route=%2Fwp%2Fv2%2Ftags&post=2033"}],"curies":[{"name":"wp","href":"https:\/\/api.w.org\/{rel}","templated":true}]}}