{"id":20331,"date":"2025-07-11T16:29:33","date_gmt":"2025-07-11T14:29:33","guid":{"rendered":"https:\/\/wgphoto.pl\/t\/?p=20331"},"modified":"2025-07-11T16:29:33","modified_gmt":"2025-07-11T14:29:33","slug":"buszujacy-w-trawie-2","status":"publish","type":"post","link":"https:\/\/wgphoto.pl\/t\/?p=20331","title":{"rendered":"Buszuj\u0105cy w trawie"},"content":{"rendered":"\n<figure class=\"wp-block-image aligncenter size-full\"><img loading=\"lazy\" decoding=\"async\" width=\"1300\" height=\"862\" src=\"https:\/\/wgphoto.pl\/t\/wp-content\/uploads\/2025\/07\/0613-25.jpg\" alt=\"\" class=\"wp-image-20332\" srcset=\"https:\/\/wgphoto.pl\/t\/wp-content\/uploads\/2025\/07\/0613-25.jpg 1300w, https:\/\/wgphoto.pl\/t\/wp-content\/uploads\/2025\/07\/0613-25-300x199.jpg 300w, https:\/\/wgphoto.pl\/t\/wp-content\/uploads\/2025\/07\/0613-25-768x509.jpg 768w\" sizes=\"auto, (max-width: 1300px) 100vw, 1300px\" \/><\/figure>\n\n\n\n<div class=\"wp-block-group has-global-padding is-layout-constrained wp-block-group-is-layout-constrained\">\n<p>SM42-512 z poci\u0105giem osobowym 90138 z Gdyni G\u0142. do Ko\u015bcierzyny na odcinku S\u0142awki &#8211; Wie\u017cyca. 08.07.2006<\/p>\n<\/div>\n","protected":false},"excerpt":{"rendered":"<p>SM42-512 z poci\u0105giem osobowym 90138 z Gdyni G\u0142. do Ko\u015bcierzyny na odcinku S\u0142awki &#8211; Wie\u017cyca. 08.07.2006<\/p>\n","protected":false},"author":1,"featured_media":20332,"comment_status":"open","ping_status":"","sticky":false,"template":"","format":"standard","meta":{"footnotes":""},"categories":[62,2,130],"tags":[2494,288,63,2495,473,152,4280],"class_list":["post-20331","post","type-post","status-publish","format-standard","has-post-thumbnail","hentry","category-analog","category-kolej","category-rok-2006","tag-2006-07-08","tag-bipa","tag-pkp","tag-slawki","tag-sm42","tag-tab-pl440","tag-wiezyca"],"_links":{"self":[{"href":"https:\/\/wgphoto.pl\/t\/index.php?rest_route=\/wp\/v2\/posts\/20331","targetHints":{"allow":["GET"]}}],"collection":[{"href":"https:\/\/wgphoto.pl\/t\/index.php?rest_route=\/wp\/v2\/posts"}],"about":[{"href":"https:\/\/wgphoto.pl\/t\/index.php?rest_route=\/wp\/v2\/types\/post"}],"author":[{"embeddable":true,"href":"https:\/\/wgphoto.pl\/t\/index.php?rest_route=\/wp\/v2\/users\/1"}],"replies":[{"embeddable":true,"href":"https:\/\/wgphoto.pl\/t\/index.php?rest_route=%2Fwp%2Fv2%2Fcomments&post=20331"}],"version-history":[{"count":1,"href":"https:\/\/wgphoto.pl\/t\/index.php?rest_route=\/wp\/v2\/posts\/20331\/revisions"}],"predecessor-version":[{"id":20333,"href":"https:\/\/wgphoto.pl\/t\/index.php?rest_route=\/wp\/v2\/posts\/20331\/revisions\/20333"}],"wp:featuredmedia":[{"embeddable":true,"href":"https:\/\/wgphoto.pl\/t\/index.php?rest_route=\/wp\/v2\/media\/20332"}],"wp:attachment":[{"href":"https:\/\/wgphoto.pl\/t\/index.php?rest_route=%2Fwp%2Fv2%2Fmedia&parent=20331"}],"wp:term":[{"taxonomy":"category","embeddable":true,"href":"https:\/\/wgphoto.pl\/t\/index.php?rest_route=%2Fwp%2Fv2%2Fcategories&post=20331"},{"taxonomy":"post_tag","embeddable":true,"href":"https:\/\/wgphoto.pl\/t\/index.php?rest_route=%2Fwp%2Fv2%2Ftags&post=20331"}],"curies":[{"name":"wp","href":"https:\/\/api.w.org\/{rel}","templated":true}]}}