{"id":20343,"date":"2025-07-11T16:33:08","date_gmt":"2025-07-11T14:33:08","guid":{"rendered":"https:\/\/wgphoto.pl\/t\/?p=20343"},"modified":"2025-07-11T16:33:08","modified_gmt":"2025-07-11T14:33:08","slug":"frankfurter-tor","status":"publish","type":"post","link":"https:\/\/wgphoto.pl\/t\/?p=20343","title":{"rendered":"Frankfurter Tor"},"content":{"rendered":"\n<figure class=\"wp-block-image aligncenter size-full\"><img loading=\"lazy\" decoding=\"async\" width=\"1200\" height=\"900\" src=\"https:\/\/wgphoto.pl\/t\/wp-content\/uploads\/2025\/07\/IMGP3329.jpg\" alt=\"\" class=\"wp-image-20344\" srcset=\"https:\/\/wgphoto.pl\/t\/wp-content\/uploads\/2025\/07\/IMGP3329.jpg 1200w, https:\/\/wgphoto.pl\/t\/wp-content\/uploads\/2025\/07\/IMGP3329-300x225.jpg 300w, https:\/\/wgphoto.pl\/t\/wp-content\/uploads\/2025\/07\/IMGP3329-768x576.jpg 768w\" sizes=\"auto, (max-width: 1200px) 100vw, 1200px\" \/><\/figure>\n\n\n\n<div class=\"wp-block-group has-global-padding is-layout-constrained wp-block-group-is-layout-constrained\">\n<p>Wagon 4014 jad\u0105c Petersburger Stra\u00dfe przecina Karl-Marx-Allee w Berlinie. Szerokie prospekty i socrealistyczna architektura z charakterystycznymi wie\u017cami (po drugiej stronie ulicy znajduje si\u0119 podobna) s\u0105 charakterystycznym punktem na mapie wschodniego Berlina. 01.05.2013<\/p>\n<\/div>\n","protected":false},"excerpt":{"rendered":"<p>Wagon 4014 jad\u0105c Petersburger Stra\u00dfe przecina Karl-Marx-Allee w Berlinie. Szerokie prospekty i socrealistyczna architektura z charakterystycznymi wie\u017cami (po drugiej stronie ulicy znajduje si\u0119 podobna) s\u0105 charakterystycznym punktem na mapie wschodniego Berlina. 01.05.2013<\/p>\n","protected":false},"author":1,"featured_media":20344,"comment_status":"open","ping_status":"","sticky":false,"template":"","format":"standard","meta":{"footnotes":""},"categories":[55,3],"tags":[2990,34,639,1629,1628,640,23],"class_list":["post-20343","post","type-post","status-publish","format-standard","has-post-thumbnail","hentry","category-rok-2013","category-tramwaj","tag-2013-05-01","tag-architektura","tag-berlin","tag-bombardier-flexity-berlin","tag-bvg-berlin","tag-majowka-2013","tag-niemcy"],"_links":{"self":[{"href":"https:\/\/wgphoto.pl\/t\/index.php?rest_route=\/wp\/v2\/posts\/20343","targetHints":{"allow":["GET"]}}],"collection":[{"href":"https:\/\/wgphoto.pl\/t\/index.php?rest_route=\/wp\/v2\/posts"}],"about":[{"href":"https:\/\/wgphoto.pl\/t\/index.php?rest_route=\/wp\/v2\/types\/post"}],"author":[{"embeddable":true,"href":"https:\/\/wgphoto.pl\/t\/index.php?rest_route=\/wp\/v2\/users\/1"}],"replies":[{"embeddable":true,"href":"https:\/\/wgphoto.pl\/t\/index.php?rest_route=%2Fwp%2Fv2%2Fcomments&post=20343"}],"version-history":[{"count":1,"href":"https:\/\/wgphoto.pl\/t\/index.php?rest_route=\/wp\/v2\/posts\/20343\/revisions"}],"predecessor-version":[{"id":20345,"href":"https:\/\/wgphoto.pl\/t\/index.php?rest_route=\/wp\/v2\/posts\/20343\/revisions\/20345"}],"wp:featuredmedia":[{"embeddable":true,"href":"https:\/\/wgphoto.pl\/t\/index.php?rest_route=\/wp\/v2\/media\/20344"}],"wp:attachment":[{"href":"https:\/\/wgphoto.pl\/t\/index.php?rest_route=%2Fwp%2Fv2%2Fmedia&parent=20343"}],"wp:term":[{"taxonomy":"category","embeddable":true,"href":"https:\/\/wgphoto.pl\/t\/index.php?rest_route=%2Fwp%2Fv2%2Fcategories&post=20343"},{"taxonomy":"post_tag","embeddable":true,"href":"https:\/\/wgphoto.pl\/t\/index.php?rest_route=%2Fwp%2Fv2%2Ftags&post=20343"}],"curies":[{"name":"wp","href":"https:\/\/api.w.org\/{rel}","templated":true}]}}