{"id":20346,"date":"2025-07-11T16:33:55","date_gmt":"2025-07-11T14:33:55","guid":{"rendered":"https:\/\/wgphoto.pl\/t\/?p=20346"},"modified":"2025-07-11T16:33:55","modified_gmt":"2025-07-11T14:33:55","slug":"blady-swit-we-fabryce","status":"publish","type":"post","link":"https:\/\/wgphoto.pl\/t\/?p=20346","title":{"rendered":"Blady \u015bwit &#8222;we fabryce&#8221;"},"content":{"rendered":"\n<figure class=\"wp-block-image aligncenter size-full\"><img loading=\"lazy\" decoding=\"async\" width=\"1300\" height=\"870\" src=\"https:\/\/wgphoto.pl\/t\/wp-content\/uploads\/2025\/07\/IMGP5135.jpg\" alt=\"\" class=\"wp-image-20347\" srcset=\"https:\/\/wgphoto.pl\/t\/wp-content\/uploads\/2025\/07\/IMGP5135.jpg 1300w, https:\/\/wgphoto.pl\/t\/wp-content\/uploads\/2025\/07\/IMGP5135-300x201.jpg 300w, https:\/\/wgphoto.pl\/t\/wp-content\/uploads\/2025\/07\/IMGP5135-768x514.jpg 768w\" sizes=\"auto, (max-width: 1300px) 100vw, 1300px\" \/><\/figure>\n\n\n\n<div class=\"wp-block-group has-global-padding is-layout-constrained wp-block-group-is-layout-constrained\">\n<p>204WrAs 2610+2609 na p\u0119tli Stadion Olimpijski we Wroc\u0142awiu. Zawita\u0142a tam linia 9 z powodu jakich\u015b prac na pobliskim S\u0119polnie. 27.11.2011<\/p>\n<\/div>\n","protected":false},"excerpt":{"rendered":"<p>204WrAs 2610+2609 na p\u0119tli Stadion Olimpijski we Wroc\u0142awiu. Zawita\u0142a tam linia 9 z powodu jakich\u015b prac na pobliskim S\u0119polnie. 27.11.2011<\/p>\n","protected":false},"author":1,"featured_media":20347,"comment_status":"open","ping_status":"","sticky":false,"template":"","format":"standard","meta":{"footnotes":""},"categories":[77,3],"tags":[4283,91,42,27,1577,176,439,41],"class_list":["post-20346","post","type-post","status-publish","format-standard","has-post-thumbnail","hentry","category-rok-2011","category-tramwaj","tag-2011-11-27","tag-blue-hour","tag-mpk-wroclaw","tag-polska","tag-protram-204wras","tag-rano","tag-we-fabryce","tag-wroclaw"],"_links":{"self":[{"href":"https:\/\/wgphoto.pl\/t\/index.php?rest_route=\/wp\/v2\/posts\/20346","targetHints":{"allow":["GET"]}}],"collection":[{"href":"https:\/\/wgphoto.pl\/t\/index.php?rest_route=\/wp\/v2\/posts"}],"about":[{"href":"https:\/\/wgphoto.pl\/t\/index.php?rest_route=\/wp\/v2\/types\/post"}],"author":[{"embeddable":true,"href":"https:\/\/wgphoto.pl\/t\/index.php?rest_route=\/wp\/v2\/users\/1"}],"replies":[{"embeddable":true,"href":"https:\/\/wgphoto.pl\/t\/index.php?rest_route=%2Fwp%2Fv2%2Fcomments&post=20346"}],"version-history":[{"count":1,"href":"https:\/\/wgphoto.pl\/t\/index.php?rest_route=\/wp\/v2\/posts\/20346\/revisions"}],"predecessor-version":[{"id":20348,"href":"https:\/\/wgphoto.pl\/t\/index.php?rest_route=\/wp\/v2\/posts\/20346\/revisions\/20348"}],"wp:featuredmedia":[{"embeddable":true,"href":"https:\/\/wgphoto.pl\/t\/index.php?rest_route=\/wp\/v2\/media\/20347"}],"wp:attachment":[{"href":"https:\/\/wgphoto.pl\/t\/index.php?rest_route=%2Fwp%2Fv2%2Fmedia&parent=20346"}],"wp:term":[{"taxonomy":"category","embeddable":true,"href":"https:\/\/wgphoto.pl\/t\/index.php?rest_route=%2Fwp%2Fv2%2Fcategories&post=20346"},{"taxonomy":"post_tag","embeddable":true,"href":"https:\/\/wgphoto.pl\/t\/index.php?rest_route=%2Fwp%2Fv2%2Ftags&post=20346"}],"curies":[{"name":"wp","href":"https:\/\/api.w.org\/{rel}","templated":true}]}}