{"id":20355,"date":"2025-07-11T16:58:40","date_gmt":"2025-07-11T14:58:40","guid":{"rendered":"https:\/\/wgphoto.pl\/t\/?p=20355"},"modified":"2025-07-11T16:58:40","modified_gmt":"2025-07-11T14:58:40","slug":"851-005-9-po-raz-drugi","status":"publish","type":"post","link":"https:\/\/wgphoto.pl\/t\/?p=20355","title":{"rendered":"851.005-9 po raz drugi"},"content":{"rendered":"\n<figure class=\"wp-block-image aligncenter size-full\"><img loading=\"lazy\" decoding=\"async\" width=\"1300\" height=\"870\" src=\"https:\/\/wgphoto.pl\/t\/wp-content\/uploads\/2025\/07\/IMGP1836.jpg\" alt=\"\" class=\"wp-image-20357\" srcset=\"https:\/\/wgphoto.pl\/t\/wp-content\/uploads\/2025\/07\/IMGP1836.jpg 1300w, https:\/\/wgphoto.pl\/t\/wp-content\/uploads\/2025\/07\/IMGP1836-300x201.jpg 300w, https:\/\/wgphoto.pl\/t\/wp-content\/uploads\/2025\/07\/IMGP1836-768x514.jpg 768w\" sizes=\"auto, (max-width: 1300px) 100vw, 1300px\" \/><\/figure>\n\n\n\n<div class=\"wp-block-group has-global-padding is-layout-constrained wp-block-group-is-layout-constrained\">\n<p>851.005-9 z poci\u0105giem w kierunku Jesen\u00edka wyjecha\u0142 ze stacji Horn\u00ed Lipov\u00e1. Kiedy\u015b zaistnia\u0142o tu uj\u0119cie o par\u0119 klatek z serii p\u00f3\u017aniejsze, ale to te\u017c jest warte uwagi. 14.02.2010<\/p>\n<\/div>\n","protected":false},"excerpt":{"rendered":"<p>851.005-9 z poci\u0105giem w kierunku Jesen\u00edka wyjecha\u0142 ze stacji Horn\u00ed Lipov\u00e1. Kiedy\u015b zaistnia\u0142o tu uj\u0119cie o par\u0119 klatek z serii p\u00f3\u017aniejsze, ale to te\u017c jest warte uwagi. 14.02.2010<\/p>\n","protected":false},"author":1,"featured_media":20357,"comment_status":"open","ping_status":"","sticky":false,"template":"","format":"standard","meta":{"footnotes":""},"categories":[2,86],"tags":[913,285,50,49,2220,44,167],"class_list":["post-20355","post","type-post","status-publish","format-standard","has-post-thumbnail","hentry","category-kolej","category-rok-2010","tag-2010-02-14","tag-285","tag-cd","tag-czechy","tag-horni-lipova","tag-snieg","tag-tab-cz292"],"_links":{"self":[{"href":"https:\/\/wgphoto.pl\/t\/index.php?rest_route=\/wp\/v2\/posts\/20355","targetHints":{"allow":["GET"]}}],"collection":[{"href":"https:\/\/wgphoto.pl\/t\/index.php?rest_route=\/wp\/v2\/posts"}],"about":[{"href":"https:\/\/wgphoto.pl\/t\/index.php?rest_route=\/wp\/v2\/types\/post"}],"author":[{"embeddable":true,"href":"https:\/\/wgphoto.pl\/t\/index.php?rest_route=\/wp\/v2\/users\/1"}],"replies":[{"embeddable":true,"href":"https:\/\/wgphoto.pl\/t\/index.php?rest_route=%2Fwp%2Fv2%2Fcomments&post=20355"}],"version-history":[{"count":1,"href":"https:\/\/wgphoto.pl\/t\/index.php?rest_route=\/wp\/v2\/posts\/20355\/revisions"}],"predecessor-version":[{"id":20358,"href":"https:\/\/wgphoto.pl\/t\/index.php?rest_route=\/wp\/v2\/posts\/20355\/revisions\/20358"}],"wp:featuredmedia":[{"embeddable":true,"href":"https:\/\/wgphoto.pl\/t\/index.php?rest_route=\/wp\/v2\/media\/20357"}],"wp:attachment":[{"href":"https:\/\/wgphoto.pl\/t\/index.php?rest_route=%2Fwp%2Fv2%2Fmedia&parent=20355"}],"wp:term":[{"taxonomy":"category","embeddable":true,"href":"https:\/\/wgphoto.pl\/t\/index.php?rest_route=%2Fwp%2Fv2%2Fcategories&post=20355"},{"taxonomy":"post_tag","embeddable":true,"href":"https:\/\/wgphoto.pl\/t\/index.php?rest_route=%2Fwp%2Fv2%2Ftags&post=20355"}],"curies":[{"name":"wp","href":"https:\/\/api.w.org\/{rel}","templated":true}]}}