{"id":20371,"date":"2025-07-11T18:23:43","date_gmt":"2025-07-11T16:23:43","guid":{"rendered":"https:\/\/wgphoto.pl\/t\/?p=20371"},"modified":"2025-07-11T18:23:43","modified_gmt":"2025-07-11T16:23:43","slug":"dwie-tatry-skoda-i-gvb-we-lwowie","status":"publish","type":"post","link":"https:\/\/wgphoto.pl\/t\/?p=20371","title":{"rendered":"Dwie Tatry, Skoda i GVB we Lwowie"},"content":{"rendered":"\n<figure class=\"wp-block-image aligncenter size-full\"><img loading=\"lazy\" decoding=\"async\" width=\"1400\" height=\"875\" src=\"https:\/\/wgphoto.pl\/t\/wp-content\/uploads\/2025\/07\/IMGP8646.jpg\" alt=\"\" class=\"wp-image-20372\" srcset=\"https:\/\/wgphoto.pl\/t\/wp-content\/uploads\/2025\/07\/IMGP8646.jpg 1400w, https:\/\/wgphoto.pl\/t\/wp-content\/uploads\/2025\/07\/IMGP8646-300x188.jpg 300w, https:\/\/wgphoto.pl\/t\/wp-content\/uploads\/2025\/07\/IMGP8646-768x480.jpg 768w\" sizes=\"auto, (max-width: 1400px) 100vw, 1400px\" \/><\/figure>\n\n\n\n<div class=\"wp-block-group has-global-padding is-layout-constrained wp-block-group-is-layout-constrained\">\n<p>Lw\u00f3w, ul. Promys\u0142owa. KT4D 1160 (ex-GVB Gera) mija Tatr\u0119 KT4SU 1098, kt\u00f3ra stoi przed bram\u0105 Zajezdni Tramwajowej nr 2. 25.08.2009<\/p>\n<\/div>\n","protected":false},"excerpt":{"rendered":"<p>Lw\u00f3w, ul. Promys\u0142owa. KT4D 1160 (ex-GVB Gera) mija Tatr\u0119 KT4SU 1098, kt\u00f3ra stoi przed bram\u0105 Zajezdni Tramwajowej nr 2. 25.08.2009<\/p>\n","protected":false},"author":1,"featured_media":20372,"comment_status":"open","ping_status":"","sticky":false,"template":"","format":"standard","meta":{"footnotes":""},"categories":[169,3],"tags":[1445,151,974,33,453],"class_list":["post-20371","post","type-post","status-publish","format-standard","has-post-thumbnail","hentry","category-rok-2009","category-tramwaj","tag-2009-08-25","tag-ludzie","tag-lwow","tag-tatra-kt4","tag-ukraina"],"_links":{"self":[{"href":"https:\/\/wgphoto.pl\/t\/index.php?rest_route=\/wp\/v2\/posts\/20371","targetHints":{"allow":["GET"]}}],"collection":[{"href":"https:\/\/wgphoto.pl\/t\/index.php?rest_route=\/wp\/v2\/posts"}],"about":[{"href":"https:\/\/wgphoto.pl\/t\/index.php?rest_route=\/wp\/v2\/types\/post"}],"author":[{"embeddable":true,"href":"https:\/\/wgphoto.pl\/t\/index.php?rest_route=\/wp\/v2\/users\/1"}],"replies":[{"embeddable":true,"href":"https:\/\/wgphoto.pl\/t\/index.php?rest_route=%2Fwp%2Fv2%2Fcomments&post=20371"}],"version-history":[{"count":1,"href":"https:\/\/wgphoto.pl\/t\/index.php?rest_route=\/wp\/v2\/posts\/20371\/revisions"}],"predecessor-version":[{"id":20373,"href":"https:\/\/wgphoto.pl\/t\/index.php?rest_route=\/wp\/v2\/posts\/20371\/revisions\/20373"}],"wp:featuredmedia":[{"embeddable":true,"href":"https:\/\/wgphoto.pl\/t\/index.php?rest_route=\/wp\/v2\/media\/20372"}],"wp:attachment":[{"href":"https:\/\/wgphoto.pl\/t\/index.php?rest_route=%2Fwp%2Fv2%2Fmedia&parent=20371"}],"wp:term":[{"taxonomy":"category","embeddable":true,"href":"https:\/\/wgphoto.pl\/t\/index.php?rest_route=%2Fwp%2Fv2%2Fcategories&post=20371"},{"taxonomy":"post_tag","embeddable":true,"href":"https:\/\/wgphoto.pl\/t\/index.php?rest_route=%2Fwp%2Fv2%2Ftags&post=20371"}],"curies":[{"name":"wp","href":"https:\/\/api.w.org\/{rel}","templated":true}]}}