{"id":20395,"date":"2025-07-11T19:16:47","date_gmt":"2025-07-11T17:16:47","guid":{"rendered":"https:\/\/wgphoto.pl\/t\/?p=20395"},"modified":"2025-07-11T19:16:47","modified_gmt":"2025-07-11T17:16:47","slug":"dawno-temu-w-trawie-2","status":"publish","type":"post","link":"https:\/\/wgphoto.pl\/t\/?p=20395","title":{"rendered":"Dawno temu w trawie"},"content":{"rendered":"\n<figure class=\"wp-block-image aligncenter size-full\"><img loading=\"lazy\" decoding=\"async\" width=\"1300\" height=\"862\" src=\"https:\/\/wgphoto.pl\/t\/wp-content\/uploads\/2025\/07\/0421-26.jpg\" alt=\"\" class=\"wp-image-20396\" srcset=\"https:\/\/wgphoto.pl\/t\/wp-content\/uploads\/2025\/07\/0421-26.jpg 1300w, https:\/\/wgphoto.pl\/t\/wp-content\/uploads\/2025\/07\/0421-26-300x199.jpg 300w, https:\/\/wgphoto.pl\/t\/wp-content\/uploads\/2025\/07\/0421-26-768x509.jpg 768w\" sizes=\"auto, (max-width: 1300px) 100vw, 1300px\" \/><\/figure>\n\n\n\n<div class=\"wp-block-group has-global-padding is-layout-constrained wp-block-group-is-layout-constrained\">\n<p>EU07-380 z poci\u0105giem 61522 &#8222;Widawa&#8221; z Jeleniej G\u00f3ry do \u0141odzi Kaliskiej minie za chwil\u0119 przejazd przez DK5 na szlaku Marcisz\u00f3w &#8211; S\u0119dzis\u0142aw. 24.08.2004<\/p>\n<\/div>\n","protected":false},"excerpt":{"rendered":"<p>EU07-380 z poci\u0105giem 61522 &#8222;Widawa&#8221; z Jeleniej G\u00f3ry do \u0141odzi Kaliskiej minie za chwil\u0119 przejazd przez DK5 na szlaku Marcisz\u00f3w &#8211; S\u0119dzis\u0142aw. 24.08.2004<\/p>\n","protected":false},"author":1,"featured_media":20396,"comment_status":"open","ping_status":"","sticky":false,"template":"","format":"standard","meta":{"footnotes":""},"categories":[62,2,61],"tags":[4293,122,83,63,27,1061,200],"class_list":["post-20395","post","type-post","status-publish","format-standard","has-post-thumbnail","hentry","category-analog","category-kolej","category-rok-2004","tag-2004-08-24","tag-eu07","tag-marciszow","tag-pkp","tag-polska","tag-sedzislaw","tag-tab-pl240"],"_links":{"self":[{"href":"https:\/\/wgphoto.pl\/t\/index.php?rest_route=\/wp\/v2\/posts\/20395","targetHints":{"allow":["GET"]}}],"collection":[{"href":"https:\/\/wgphoto.pl\/t\/index.php?rest_route=\/wp\/v2\/posts"}],"about":[{"href":"https:\/\/wgphoto.pl\/t\/index.php?rest_route=\/wp\/v2\/types\/post"}],"author":[{"embeddable":true,"href":"https:\/\/wgphoto.pl\/t\/index.php?rest_route=\/wp\/v2\/users\/1"}],"replies":[{"embeddable":true,"href":"https:\/\/wgphoto.pl\/t\/index.php?rest_route=%2Fwp%2Fv2%2Fcomments&post=20395"}],"version-history":[{"count":1,"href":"https:\/\/wgphoto.pl\/t\/index.php?rest_route=\/wp\/v2\/posts\/20395\/revisions"}],"predecessor-version":[{"id":20397,"href":"https:\/\/wgphoto.pl\/t\/index.php?rest_route=\/wp\/v2\/posts\/20395\/revisions\/20397"}],"wp:featuredmedia":[{"embeddable":true,"href":"https:\/\/wgphoto.pl\/t\/index.php?rest_route=\/wp\/v2\/media\/20396"}],"wp:attachment":[{"href":"https:\/\/wgphoto.pl\/t\/index.php?rest_route=%2Fwp%2Fv2%2Fmedia&parent=20395"}],"wp:term":[{"taxonomy":"category","embeddable":true,"href":"https:\/\/wgphoto.pl\/t\/index.php?rest_route=%2Fwp%2Fv2%2Fcategories&post=20395"},{"taxonomy":"post_tag","embeddable":true,"href":"https:\/\/wgphoto.pl\/t\/index.php?rest_route=%2Fwp%2Fv2%2Ftags&post=20395"}],"curies":[{"name":"wp","href":"https:\/\/api.w.org\/{rel}","templated":true}]}}