{"id":20398,"date":"2025-07-11T19:17:47","date_gmt":"2025-07-11T17:17:47","guid":{"rendered":"https:\/\/wgphoto.pl\/t\/?p=20398"},"modified":"2025-07-11T19:17:47","modified_gmt":"2025-07-11T17:17:47","slug":"mijanka-klasykow-2","status":"publish","type":"post","link":"https:\/\/wgphoto.pl\/t\/?p=20398","title":{"rendered":"Mijanka klasyk\u00f3w"},"content":{"rendered":"\n<figure class=\"wp-block-image aligncenter size-full\"><img loading=\"lazy\" decoding=\"async\" width=\"750\" height=\"1000\" src=\"https:\/\/wgphoto.pl\/t\/wp-content\/uploads\/2025\/07\/0821-35.jpg\" alt=\"\" class=\"wp-image-20399\" srcset=\"https:\/\/wgphoto.pl\/t\/wp-content\/uploads\/2025\/07\/0821-35.jpg 750w, https:\/\/wgphoto.pl\/t\/wp-content\/uploads\/2025\/07\/0821-35-225x300.jpg 225w\" sizes=\"auto, (max-width: 750px) 100vw, 750px\" \/><\/figure>\n\n\n\n<div class=\"wp-block-group has-global-padding is-layout-constrained wp-block-group-is-layout-constrained\">\n<p>Praga, ul. Letensk\u00e1. Mijanka klasycznych <em>Tatr<\/em> z rozruchem oporowym i tablicami (bez wy\u015bwietlaczy). Spotka\u0142y si\u0119 tu sk\u0142ady typu T3SUCS nr 7068+7048 i ?+7053. 11.11.2008<\/p>\n<\/div>\n","protected":false},"excerpt":{"rendered":"<p>Praga, ul. Letensk\u00e1. Mijanka klasycznych Tatr z rozruchem oporowym i tablicami (bez wy\u015bwietlaczy). Spotka\u0142y si\u0119 tu sk\u0142ady typu T3SUCS nr 7068+7048 i ?+7053. 11.11.2008<\/p>\n","protected":false},"author":1,"featured_media":20399,"comment_status":"open","ping_status":"","sticky":false,"template":"","format":"standard","meta":{"footnotes":""},"categories":[62,128,120,3],"tags":[2057,49,1049,389,52,1011],"class_list":["post-20398","post","type-post","status-publish","format-standard","has-post-thumbnail","hentry","category-analog","category-pionowe","category-rok-2008","category-tramwaj","tag-2008-11-11","tag-czechy","tag-dp-praha","tag-mijanka","tag-praga","tag-tatra-t3"],"_links":{"self":[{"href":"https:\/\/wgphoto.pl\/t\/index.php?rest_route=\/wp\/v2\/posts\/20398","targetHints":{"allow":["GET"]}}],"collection":[{"href":"https:\/\/wgphoto.pl\/t\/index.php?rest_route=\/wp\/v2\/posts"}],"about":[{"href":"https:\/\/wgphoto.pl\/t\/index.php?rest_route=\/wp\/v2\/types\/post"}],"author":[{"embeddable":true,"href":"https:\/\/wgphoto.pl\/t\/index.php?rest_route=\/wp\/v2\/users\/1"}],"replies":[{"embeddable":true,"href":"https:\/\/wgphoto.pl\/t\/index.php?rest_route=%2Fwp%2Fv2%2Fcomments&post=20398"}],"version-history":[{"count":1,"href":"https:\/\/wgphoto.pl\/t\/index.php?rest_route=\/wp\/v2\/posts\/20398\/revisions"}],"predecessor-version":[{"id":20400,"href":"https:\/\/wgphoto.pl\/t\/index.php?rest_route=\/wp\/v2\/posts\/20398\/revisions\/20400"}],"wp:featuredmedia":[{"embeddable":true,"href":"https:\/\/wgphoto.pl\/t\/index.php?rest_route=\/wp\/v2\/media\/20399"}],"wp:attachment":[{"href":"https:\/\/wgphoto.pl\/t\/index.php?rest_route=%2Fwp%2Fv2%2Fmedia&parent=20398"}],"wp:term":[{"taxonomy":"category","embeddable":true,"href":"https:\/\/wgphoto.pl\/t\/index.php?rest_route=%2Fwp%2Fv2%2Fcategories&post=20398"},{"taxonomy":"post_tag","embeddable":true,"href":"https:\/\/wgphoto.pl\/t\/index.php?rest_route=%2Fwp%2Fv2%2Ftags&post=20398"}],"curies":[{"name":"wp","href":"https:\/\/api.w.org\/{rel}","templated":true}]}}